{"id":11374,"date":"2026-01-29T07:56:18","date_gmt":"2026-01-29T07:56:18","guid":{"rendered":"https:\/\/foggiasport24.com\/?p=523255"},"modified":"2026-01-29T07:56:18","modified_gmt":"2026-01-29T07:56:18","slug":"mercato-accelerata-foggia-calcio-i-possibili-colpi-di-mercato","status":"publish","type":"post","link":"https:\/\/tifomania.store\/de\/mercato-accelerata-foggia-calcio-i-possibili-colpi-di-mercato\/","title":{"rendered":"Mercato, accelerata Foggia Calcio. I possibili colpi di mercato"},"content":{"rendered":"<div><img src=\"https:\/\/foggiasport24.com\/wp-content\/uploads\/2016\/01\/Calciomercato-Live.jpg\" class=\"ff-og-image-inserted\"><\/div><p><span class=\"penci-dropcap-bold\">U<\/span>ltimi giorni di mercato per il Foggia Calcio, che sta portando avanti trattative alfine di rinforzare l'organico e renderlo competitivo per la salvezza in Serie C. Il mercato ha gi\u00e0 portato in rossonero Nocerino e Menegazzo, portati dalla precedente Gestione societaria, e il trio composto da Girone, Cangiano e Romeo. Abz\u00fcglich m\u00f6glicher Abtretungen, f\u00fcr die m\u00f6glicherweise noch weitere Zug\u00e4nge erforderlich sind, hat der Platzverein Fratelli Sarti unter seinen Zielen einen zentralen Platz (oder zwei), einen offensiven Au\u00dfenplatz und einen zentralen Platz. Diese Elemente sind n\u00fctzlich, um das Rosa zu mildern und das Qualit\u00e4tsniveau zu erh\u00f6hen. Procediamo per ordine.<\/p>\n<p><strong>BOMBER<\/strong> - In attacco si cerca un attaccante centrale in grado di garantire qualche gol in questo finale di stagione. In cima ai desiderata della societ\u00e0 c'era Cosimo <strong>Patierno<\/strong> (34 anni) di propriet\u00e0 dell'Avellino, ma dopo i contatti avuti nelle settimane precedenti non sarebbe stata trovata l'intesa. Non \u00e8 detto, per\u00f2, che non si possa tornare a parlare. Il nume pi\u00f9 caldo, al momento, sembra essere quello di Christian <strong>Tommasini<\/strong> (27 anni), Eigent\u00fcmer von Gubbio, aber mit allen anderen Erfahrungen in Vereinen wie Taranto und Monopoli. Per et\u00e0 e caratteristiche sembrerebbe essere l'uomo ideal per i rossoneri.<\/p>\n<p>Das gef\u00e4llt auch \u201cEl Tigre\u201d Alexis Ferrante (30 Jahre), der schon seit neun Jahren im Fernsehen zu sehen ist. Au\u00dferdem gibt es eine interne Piste, die zu einem <strong>Musy<\/strong> Hernandez (26 anni), spanischer Mittelfeldspieler von Heraclea, dem zweiten Verein der Rossoner Eigengew\u00e4chse. Der Angreifer, der eine K\u00f6rpergr\u00f6\u00dfe von 1,91 hat, spielte \u00fcberwiegend in der Serie D und war unter anderem f\u00fcr Renato Curi, Vibonese und Heraclea aktiv.<\/p>\n<p><strong>ESTERNO<\/strong> - Zur Vervollst\u00e4ndigung des Dreigestirns, das bereits in Cangiano eine seiner Referenzen hat, hat Foggia Calcio Enrico in den Blick genommen <strong>Brignola<\/strong> (26 anni), Eigent\u00fcmer der Ternana. Per il calciatore la pista sembra, per\u00f2, non essere facile. Parallel dazu all'esterno delle fere ci sarebbe l'interesse per Davide <strong>Merola<\/strong> (25 anni), gi\u00e0 in rossonero cinque anni fa con Zeman in panchina. Il calciatore potrebbe lasciare Pescara e potrebbe essere il tassello ideal, per caratteristiche tecniche, per completare il reparto avanzato. Infine c'\u00e8 il nome di Giuseppe <strong>Borello<\/strong> (26 Jahre), u.a. aus Monopoli, Crotone und Cesena.<\/p>\n<p><strong>DIFESA<\/strong> - Nel reparto arretrato il club del duo Casillo - De Vitto \u00e8 alla ricerca di un centrale difensivo. Due i nomi circolati nelle ultime ore. Su tutti ci sarebbe quello di Roberto <strong>Pirrello<\/strong> (29 anni) di propriet\u00e0 del Trapani, oltre a Eric <strong>Biasiol<\/strong> (28 anni) difensore croato con alle spalle esperienze al Giuliano e al Picerno. Il calciatore \u00e8 di propriet\u00e0 dell'Heraclea e il trasferimento potrebbe avvenire all'interno dei due club.<\/p>\n<p>Manca meno di una settimana alla chiusura delle trattative. Il Foggia accelera.<\/p>\n\n<p><strong><a href=\"https:\/\/blockads.fivefilters.org\/\">Adblock-Test<\/a><\/strong> <a href=\"https:\/\/blockads.fivefilters.org\/acceptable.html\">(Warum?)<\/a><\/p>","protected":false},"excerpt":{"rendered":"<p>Ultimi giorni di mercato per il Foggia Calcio, che sta portando avanti trattative alfine di rinforzare l\u2019organico e renderlo competitivo per la salvezza in Serie C. Il mercato ha gi\u00e0 portato in rossonero Nocerino e Menegazzo, portati dalla precedente G&#8230;<\/p>","protected":false},"author":3,"featured_media":0,"comment_status":"closed","ping_status":"closed","sticky":false,"template":"","format":"standard","meta":{"footnotes":""},"categories":[350,351,352,170,353],"tags":[134],"class_list":["post-11374","post","type-post","status-publish","format-standard","hentry","category-acquisti","category-cessioni","category-ingaggio","category-news","category-trattative","tag-foggia"],"yoast_head":"<!-- This site is optimized with the Yoast SEO plugin v27.4 - https:\/\/yoast.com\/product\/yoast-seo-wordpress\/ -->\n<title>Mercato, accelerata Foggia Calcio. I possibili colpi di mercato<\/title>\n<meta name=\"robots\" content=\"index, follow, max-snippet:-1, max-image-preview:large, max-video-preview:-1\" \/>\n<link rel=\"canonical\" href=\"http:\/\/tifomania.store\/de\/mercato-accelerata-foggia-calcio-i-possibili-colpi-di-mercato\/\" \/>\n<meta property=\"og:locale\" content=\"de_DE\" \/>\n<meta property=\"og:type\" content=\"article\" \/>\n<meta property=\"og:title\" content=\"Mercato, accelerata Foggia Calcio. I possibili colpi di mercato\" \/>\n<meta property=\"og:description\" content=\"Ultimi giorni di mercato per il Foggia Calcio, che sta portando avanti trattative alfine di rinforzare l\u2019organico e renderlo competitivo per la salvezza in Serie C. Il mercato ha gi\u00e0 portato in rossonero Nocerino e Menegazzo, portati dalla precedente G...\" \/>\n<meta property=\"og:url\" content=\"http:\/\/tifomania.store\/de\/mercato-accelerata-foggia-calcio-i-possibili-colpi-di-mercato\/\" \/>\n<meta property=\"og:site_name\" content=\"Tifomania\" \/>\n<meta property=\"article:published_time\" content=\"2026-01-29T07:56:18+00:00\" \/>\n<meta property=\"og:image\" content=\"https:\/\/foggiasport24.com\/wp-content\/uploads\/2016\/01\/Calciomercato-Live.jpg\" \/>\n<meta name=\"author\" content=\"FS24\" \/>\n<meta name=\"twitter:card\" content=\"summary_large_image\" \/>\n<meta name=\"twitter:label1\" content=\"Verfasst von\" \/>\n\t<meta name=\"twitter:data1\" content=\"FS24\" \/>\n\t<meta name=\"twitter:label2\" content=\"Gesch\u00e4tzte Lesezeit\" \/>\n\t<meta name=\"twitter:data2\" content=\"2\u00a0Minuten\" \/>\n<script type=\"application\/ld+json\" class=\"yoast-schema-graph\">{\"@context\":\"https:\\\/\\\/schema.org\",\"@graph\":[{\"@type\":\"Article\",\"@id\":\"http:\\\/\\\/tifomania.store\\\/en\\\/mercato-accelerata-foggia-calcio-i-possibili-colpi-di-mercato\\\/#article\",\"isPartOf\":{\"@id\":\"http:\\\/\\\/tifomania.store\\\/en\\\/mercato-accelerata-foggia-calcio-i-possibili-colpi-di-mercato\\\/\"},\"author\":{\"name\":\"FS24\",\"@id\":\"https:\\\/\\\/tifomania.store\\\/#\\\/schema\\\/person\\\/13e375f75c4086ec091e143bd3f72a25\"},\"headline\":\"Mercato, accelerata Foggia Calcio. I possibili colpi di mercato\",\"datePublished\":\"2026-01-29T07:56:18+00:00\",\"mainEntityOfPage\":{\"@id\":\"http:\\\/\\\/tifomania.store\\\/en\\\/mercato-accelerata-foggia-calcio-i-possibili-colpi-di-mercato\\\/\"},\"wordCount\":448,\"image\":{\"@id\":\"http:\\\/\\\/tifomania.store\\\/en\\\/mercato-accelerata-foggia-calcio-i-possibili-colpi-di-mercato\\\/#primaryimage\"},\"thumbnailUrl\":\"https:\\\/\\\/foggiasport24.com\\\/wp-content\\\/uploads\\\/2016\\\/01\\\/Calciomercato-Live.jpg\",\"keywords\":[\"Foggia\"],\"articleSection\":[\"acquisti\",\"cessioni\",\"ingaggio\",\"News\",\"trattative\"],\"inLanguage\":\"de\"},{\"@type\":\"WebPage\",\"@id\":\"http:\\\/\\\/tifomania.store\\\/en\\\/mercato-accelerata-foggia-calcio-i-possibili-colpi-di-mercato\\\/\",\"url\":\"http:\\\/\\\/tifomania.store\\\/en\\\/mercato-accelerata-foggia-calcio-i-possibili-colpi-di-mercato\\\/\",\"name\":\"Mercato, accelerata Foggia Calcio. I possibili colpi di mercato\",\"isPartOf\":{\"@id\":\"https:\\\/\\\/tifomania.store\\\/#website\"},\"primaryImageOfPage\":{\"@id\":\"http:\\\/\\\/tifomania.store\\\/en\\\/mercato-accelerata-foggia-calcio-i-possibili-colpi-di-mercato\\\/#primaryimage\"},\"image\":{\"@id\":\"http:\\\/\\\/tifomania.store\\\/en\\\/mercato-accelerata-foggia-calcio-i-possibili-colpi-di-mercato\\\/#primaryimage\"},\"thumbnailUrl\":\"https:\\\/\\\/foggiasport24.com\\\/wp-content\\\/uploads\\\/2016\\\/01\\\/Calciomercato-Live.jpg\",\"datePublished\":\"2026-01-29T07:56:18+00:00\",\"author\":{\"@id\":\"https:\\\/\\\/tifomania.store\\\/#\\\/schema\\\/person\\\/13e375f75c4086ec091e143bd3f72a25\"},\"breadcrumb\":{\"@id\":\"http:\\\/\\\/tifomania.store\\\/en\\\/mercato-accelerata-foggia-calcio-i-possibili-colpi-di-mercato\\\/#breadcrumb\"},\"inLanguage\":\"de\",\"potentialAction\":[{\"@type\":\"ReadAction\",\"target\":[\"http:\\\/\\\/tifomania.store\\\/en\\\/mercato-accelerata-foggia-calcio-i-possibili-colpi-di-mercato\\\/\"]}]},{\"@type\":\"ImageObject\",\"inLanguage\":\"de\",\"@id\":\"http:\\\/\\\/tifomania.store\\\/en\\\/mercato-accelerata-foggia-calcio-i-possibili-colpi-di-mercato\\\/#primaryimage\",\"url\":\"https:\\\/\\\/foggiasport24.com\\\/wp-content\\\/uploads\\\/2016\\\/01\\\/Calciomercato-Live.jpg\",\"contentUrl\":\"https:\\\/\\\/foggiasport24.com\\\/wp-content\\\/uploads\\\/2016\\\/01\\\/Calciomercato-Live.jpg\"},{\"@type\":\"BreadcrumbList\",\"@id\":\"http:\\\/\\\/tifomania.store\\\/en\\\/mercato-accelerata-foggia-calcio-i-possibili-colpi-di-mercato\\\/#breadcrumb\",\"itemListElement\":[{\"@type\":\"ListItem\",\"position\":1,\"name\":\"Home\",\"item\":\"https:\\\/\\\/tifomania.store\\\/en\\\/\"},{\"@type\":\"ListItem\",\"position\":2,\"name\":\"Mercato, accelerata Foggia Calcio. I possibili colpi di mercato\"}]},{\"@type\":\"WebSite\",\"@id\":\"https:\\\/\\\/tifomania.store\\\/#website\",\"url\":\"https:\\\/\\\/tifomania.store\\\/\",\"name\":\"Tifomania\",\"description\":\"Where Passion Becomes Play\",\"potentialAction\":[{\"@type\":\"SearchAction\",\"target\":{\"@type\":\"EntryPoint\",\"urlTemplate\":\"https:\\\/\\\/tifomania.store\\\/?s={search_term_string}\"},\"query-input\":{\"@type\":\"PropertyValueSpecification\",\"valueRequired\":true,\"valueName\":\"search_term_string\"}}],\"inLanguage\":\"de\"},{\"@type\":\"Person\",\"@id\":\"https:\\\/\\\/tifomania.store\\\/#\\\/schema\\\/person\\\/13e375f75c4086ec091e143bd3f72a25\",\"name\":\"FS24\",\"image\":{\"@type\":\"ImageObject\",\"inLanguage\":\"de\",\"@id\":\"https:\\\/\\\/secure.gravatar.com\\\/avatar\\\/55b999f66780f5c1c39cc84120ab001b7944ef1cb2db45b654ae99b263f64c54?s=96&d=mm&r=g\",\"url\":\"https:\\\/\\\/secure.gravatar.com\\\/avatar\\\/55b999f66780f5c1c39cc84120ab001b7944ef1cb2db45b654ae99b263f64c54?s=96&d=mm&r=g\",\"contentUrl\":\"https:\\\/\\\/secure.gravatar.com\\\/avatar\\\/55b999f66780f5c1c39cc84120ab001b7944ef1cb2db45b654ae99b263f64c54?s=96&d=mm&r=g\",\"caption\":\"FS24\"},\"url\":\"https:\\\/\\\/tifomania.store\\\/de\\\/author\\\/fs24\\\/\"}]}<\/script>\n<!-- \/ Yoast SEO plugin. -->","yoast_head_json":{"title":"Mercato, accelerata Foggia Calcio. I possibili colpi di mercato","robots":{"index":"index","follow":"follow","max-snippet":"max-snippet:-1","max-image-preview":"max-image-preview:large","max-video-preview":"max-video-preview:-1"},"canonical":"http:\/\/tifomania.store\/de\/mercato-accelerata-foggia-calcio-i-possibili-colpi-di-mercato\/","og_locale":"de_DE","og_type":"article","og_title":"Mercato, accelerata Foggia Calcio. I possibili colpi di mercato","og_description":"Ultimi giorni di mercato per il Foggia Calcio, che sta portando avanti trattative alfine di rinforzare l\u2019organico e renderlo competitivo per la salvezza in Serie C. Il mercato ha gi\u00e0 portato in rossonero Nocerino e Menegazzo, portati dalla precedente G...","og_url":"http:\/\/tifomania.store\/de\/mercato-accelerata-foggia-calcio-i-possibili-colpi-di-mercato\/","og_site_name":"Tifomania","article_published_time":"2026-01-29T07:56:18+00:00","og_image":[{"url":"https:\/\/foggiasport24.com\/wp-content\/uploads\/2016\/01\/Calciomercato-Live.jpg","type":"","width":"","height":""}],"author":"FS24","twitter_card":"summary_large_image","twitter_misc":{"Verfasst von":"FS24","Gesch\u00e4tzte Lesezeit":"2\u00a0Minuten"},"schema":{"@context":"https:\/\/schema.org","@graph":[{"@type":"Article","@id":"http:\/\/tifomania.store\/en\/mercato-accelerata-foggia-calcio-i-possibili-colpi-di-mercato\/#article","isPartOf":{"@id":"http:\/\/tifomania.store\/en\/mercato-accelerata-foggia-calcio-i-possibili-colpi-di-mercato\/"},"author":{"name":"FS24","@id":"https:\/\/tifomania.store\/#\/schema\/person\/13e375f75c4086ec091e143bd3f72a25"},"headline":"Mercato, accelerata Foggia Calcio. I possibili colpi di mercato","datePublished":"2026-01-29T07:56:18+00:00","mainEntityOfPage":{"@id":"http:\/\/tifomania.store\/en\/mercato-accelerata-foggia-calcio-i-possibili-colpi-di-mercato\/"},"wordCount":448,"image":{"@id":"http:\/\/tifomania.store\/en\/mercato-accelerata-foggia-calcio-i-possibili-colpi-di-mercato\/#primaryimage"},"thumbnailUrl":"https:\/\/foggiasport24.com\/wp-content\/uploads\/2016\/01\/Calciomercato-Live.jpg","keywords":["Foggia"],"articleSection":["acquisti","cessioni","ingaggio","News","trattative"],"inLanguage":"de"},{"@type":"WebPage","@id":"http:\/\/tifomania.store\/en\/mercato-accelerata-foggia-calcio-i-possibili-colpi-di-mercato\/","url":"http:\/\/tifomania.store\/en\/mercato-accelerata-foggia-calcio-i-possibili-colpi-di-mercato\/","name":"Mercato, accelerata Foggia Calcio. I possibili colpi di mercato","isPartOf":{"@id":"https:\/\/tifomania.store\/#website"},"primaryImageOfPage":{"@id":"http:\/\/tifomania.store\/en\/mercato-accelerata-foggia-calcio-i-possibili-colpi-di-mercato\/#primaryimage"},"image":{"@id":"http:\/\/tifomania.store\/en\/mercato-accelerata-foggia-calcio-i-possibili-colpi-di-mercato\/#primaryimage"},"thumbnailUrl":"https:\/\/foggiasport24.com\/wp-content\/uploads\/2016\/01\/Calciomercato-Live.jpg","datePublished":"2026-01-29T07:56:18+00:00","author":{"@id":"https:\/\/tifomania.store\/#\/schema\/person\/13e375f75c4086ec091e143bd3f72a25"},"breadcrumb":{"@id":"http:\/\/tifomania.store\/en\/mercato-accelerata-foggia-calcio-i-possibili-colpi-di-mercato\/#breadcrumb"},"inLanguage":"de","potentialAction":[{"@type":"ReadAction","target":["http:\/\/tifomania.store\/en\/mercato-accelerata-foggia-calcio-i-possibili-colpi-di-mercato\/"]}]},{"@type":"ImageObject","inLanguage":"de","@id":"http:\/\/tifomania.store\/en\/mercato-accelerata-foggia-calcio-i-possibili-colpi-di-mercato\/#primaryimage","url":"https:\/\/foggiasport24.com\/wp-content\/uploads\/2016\/01\/Calciomercato-Live.jpg","contentUrl":"https:\/\/foggiasport24.com\/wp-content\/uploads\/2016\/01\/Calciomercato-Live.jpg"},{"@type":"BreadcrumbList","@id":"http:\/\/tifomania.store\/en\/mercato-accelerata-foggia-calcio-i-possibili-colpi-di-mercato\/#breadcrumb","itemListElement":[{"@type":"ListItem","position":1,"name":"Home","item":"https:\/\/tifomania.store\/en\/"},{"@type":"ListItem","position":2,"name":"Mercato, accelerata Foggia Calcio. I possibili colpi di mercato"}]},{"@type":"WebSite","@id":"https:\/\/tifomania.store\/#website","url":"https:\/\/tifomania.store\/","name":"Tifomania","description":"Wo die Leidenschaft zum Spiel wird","potentialAction":[{"@type":"SearchAction","target":{"@type":"EntryPoint","urlTemplate":"https:\/\/tifomania.store\/?s={search_term_string}"},"query-input":{"@type":"PropertyValueSpecification","valueRequired":true,"valueName":"search_term_string"}}],"inLanguage":"de"},{"@type":"Person","@id":"https:\/\/tifomania.store\/#\/schema\/person\/13e375f75c4086ec091e143bd3f72a25","name":"FS24","image":{"@type":"ImageObject","inLanguage":"de","@id":"https:\/\/secure.gravatar.com\/avatar\/55b999f66780f5c1c39cc84120ab001b7944ef1cb2db45b654ae99b263f64c54?s=96&d=mm&r=g","url":"https:\/\/secure.gravatar.com\/avatar\/55b999f66780f5c1c39cc84120ab001b7944ef1cb2db45b654ae99b263f64c54?s=96&d=mm&r=g","contentUrl":"https:\/\/secure.gravatar.com\/avatar\/55b999f66780f5c1c39cc84120ab001b7944ef1cb2db45b654ae99b263f64c54?s=96&d=mm&r=g","caption":"FS24"},"url":"https:\/\/tifomania.store\/de\/author\/fs24\/"}]}},"_links":{"self":[{"href":"https:\/\/tifomania.store\/de\/wp-json\/wp\/v2\/posts\/11374","targetHints":{"allow":["GET"]}}],"collection":[{"href":"https:\/\/tifomania.store\/de\/wp-json\/wp\/v2\/posts"}],"about":[{"href":"https:\/\/tifomania.store\/de\/wp-json\/wp\/v2\/types\/post"}],"author":[{"embeddable":true,"href":"https:\/\/tifomania.store\/de\/wp-json\/wp\/v2\/users\/3"}],"replies":[{"embeddable":true,"href":"https:\/\/tifomania.store\/de\/wp-json\/wp\/v2\/comments?post=11374"}],"version-history":[{"count":1,"href":"https:\/\/tifomania.store\/de\/wp-json\/wp\/v2\/posts\/11374\/revisions"}],"predecessor-version":[{"id":11375,"href":"https:\/\/tifomania.store\/de\/wp-json\/wp\/v2\/posts\/11374\/revisions\/11375"}],"wp:attachment":[{"href":"https:\/\/tifomania.store\/de\/wp-json\/wp\/v2\/media?parent=11374"}],"wp:term":[{"taxonomy":"category","embeddable":true,"href":"https:\/\/tifomania.store\/de\/wp-json\/wp\/v2\/categories?post=11374"},{"taxonomy":"post_tag","embeddable":true,"href":"https:\/\/tifomania.store\/de\/wp-json\/wp\/v2\/tags?post=11374"}],"curies":[{"name":"wp","href":"https:\/\/api.w.org\/{rel}","templated":true}]}}