{"id":11428,"date":"2026-03-26T14:29:35","date_gmt":"2026-03-26T14:29:35","guid":{"rendered":"https:\/\/www.ilfoggia.com\/?p=24067"},"modified":"2026-03-26T14:29:35","modified_gmt":"2026-03-26T14:29:35","slug":"sentenza-tfn-il-foggia-non-e-piu-ultimo-siracusa-di-nuovo-penalizzato","status":"publish","type":"post","link":"https:\/\/tifomania.store\/de\/sentenza-tfn-il-foggia-non-e-piu-ultimo-siracusa-di-nuovo-penalizzato\/","title":{"rendered":"Sentenza TFN, il Foggia non \u00e8 pi\u00f9 ultimo: Siracusa di nuovo penalizzato"},"content":{"rendered":"<div><img src=\"https:\/\/www.ilfoggia.com\/wp-content\/uploads\/2026\/03\/giustizia-sportiva-TFN-Tribunale-Federale-Nazionale.jpg\" class=\"ff-og-image-inserted\"><\/div><p>Il&nbsp;<strong>Foggia <\/strong>lascia l'ultimo posto in classifica. Nicht, purtroppo, per quanto successo sul campo, ma per la nuova sentenenza emanata dall'organo di giustizia sportivo. il Tribunale Federale Nazionale ha inflitto oggi una<strong> Bestrafung von f\u00fcnf Punkten in Siracusa<\/strong>. L'organo si \u00e8 espresso stavolta in merito al deferimento del 5 Marzo scorso: il&nbsp;<strong>Siracusa&nbsp;<\/strong>(wie z.B. il <strong>Trapani<\/strong>, (von denen wir einen Teil \u00fcbernehmen) wurde vom Gericht bestraft, weil er nicht innerhalb der Frist vom 16. Februar 2026 die Zahlung von Beitr\u00e4gen und Renten in Bezug auf die Zeitr\u00e4ume November und Dezember 2025 nachgewiesen hat. Il club aretuseo \u00e8 stato punito per non aver rispettato la scadenza e termina dunque <strong>in fondo alla classifica<\/strong> con <strong>22 Punti<\/strong>, uno in meno rispetto al Foggia. F\u00fcr den Pr\u00e4sidenten&nbsp;<strong>Alessandro Ricci<\/strong>, a sua volta deferito per responsabilit\u00e0 diretta, arrivano sette mesi di inibizione. In Anbetracht der 6 vorhergehenden Strafen (mancato pagamento entro la scadenza del 16 dicembre scorso di stipendi e contributi del periodo settembre\/ottobre 2025), diventano ora 11 i punti totali di penalizzazione per la squadra di <strong>Turati<\/strong>: senza penalit\u00e0, gli azzurri sarebbero quint'ultimi, un punto sopra il Picerno.<\/p>\n<div class=\"code-block code-block-1\">\n<div class=\"gptslot\" data-adunitid=\"7\">\n<div id=\"gpt-slot-1_7\" data-google-query-id=\"CJ73n8TcvZMDFc6JgwcdZV47WQ\">\n\n<\/div>\n<\/div>\n<\/div>\n<p>Sempre nella giornata odierna, il Tfn era teoricamente chiamato a discutere anche sul caso <strong>Trapani<\/strong>, wie gesagt aufgeschoben, weil er nicht aver a sua volta rispettato la medesima scadenza dello scorso 16 febbraio. Il dibattimento non c'\u00e8 per\u00f2 stato in quanto, com'era prevedibile, \u00e8 stata accolta<strong> l'istanza di rinvio al 31 marzo<\/strong>la motivazione \u00e8 connessa al processo di secondo grado relativo alla scadenza del 16 dicembre che aveva portato a una penalizzazione di cinque punti e che si celebrer\u00e0 il giorno prima, <strong>mittag 30 marzo<\/strong>. La<strong> Bundesprokura<\/strong> si \u00e8 infatti appellata alla decisione del TFN e ha ribadito la richiesta di <strong>Ausschluss aus dem Schulsport <\/strong>a carico della societ\u00e0 di <strong>Valerio Antonini<\/strong>. Un'eventualit\u00e0 che porterebbe un vero terremoto alla classifica, con l'annullamento di tutti i punti conseguiti contra la squadra granata.<\/p>\n<p>Ma, intanto domenica a Foggia si gioca: proprio contro il Trapani. Una gara che resta uno <strong>scontro diretto fondamentale<\/strong> che, in ogni caso e senza pensare a ci\u00f2 che potr\u00e0 succedere l'indomani, <strong>resta da vincere<\/strong>.<\/p>\n<p><em>Giancarlo Pugliese<\/em><\/p>\n<p>RIPRODUZIONE RISERVATA<\/p>\n\t\t<p><strong><a href=\"https:\/\/blockads.fivefilters.org\/\">Adblock-Test<\/a><\/strong> <a href=\"https:\/\/blockads.fivefilters.org\/acceptable.html\">(Warum?)<\/a><\/p>","protected":false},"excerpt":{"rendered":"<p>Il&nbsp;Foggia lascia l\u2019ultimo posto in classifica. Non, purtroppo, per quanto successo sul campo, ma per la nuova sentenza emanata dall\u2019organo di giustizia sportivo. il Tribunale Federale Nazionale ha inflitto oggi una penalizzazione di cinque punti a&#8230;<\/p>","protected":false},"author":4,"featured_media":0,"comment_status":"closed","ping_status":"closed","sticky":false,"template":"","format":"standard","meta":{"footnotes":""},"categories":[375,170,376,377,378],"tags":[134],"class_list":["post-11428","post","type-post","status-publish","format-standard","hentry","category-foggia-trapani","category-news","category-sentenza-tfn","category-siracusa","category-trapani","tag-foggia"],"yoast_head":"<!-- This site is optimized with the Yoast SEO plugin v27.4 - https:\/\/yoast.com\/product\/yoast-seo-wordpress\/ -->\n<title>Sentenza TFN, il Foggia non \u00e8 pi\u00f9 ultimo: Siracusa di nuovo penalizzato<\/title>\n<meta name=\"robots\" content=\"index, follow, max-snippet:-1, max-image-preview:large, max-video-preview:-1\" \/>\n<link rel=\"canonical\" href=\"https:\/\/tifomania.store\/de\/sentenza-tfn-il-foggia-non-e-piu-ultimo-siracusa-di-nuovo-penalizzato\/\" \/>\n<meta property=\"og:locale\" content=\"de_DE\" \/>\n<meta property=\"og:type\" content=\"article\" \/>\n<meta property=\"og:title\" content=\"Sentenza TFN, il Foggia non \u00e8 pi\u00f9 ultimo: Siracusa di nuovo penalizzato\" \/>\n<meta property=\"og:description\" content=\"Il&nbsp;Foggia lascia l\u2019ultimo posto in classifica. Non, purtroppo, per quanto successo sul campo, ma per la nuova sentenza emanata dall\u2019organo di giustizia sportivo. il Tribunale Federale Nazionale ha inflitto oggi una penalizzazione di cinque punti a...\" \/>\n<meta property=\"og:url\" content=\"https:\/\/tifomania.store\/de\/sentenza-tfn-il-foggia-non-e-piu-ultimo-siracusa-di-nuovo-penalizzato\/\" \/>\n<meta property=\"og:site_name\" content=\"Tifomania\" \/>\n<meta property=\"article:published_time\" content=\"2026-03-26T14:29:35+00:00\" \/>\n<meta property=\"og:image\" content=\"https:\/\/www.ilfoggia.com\/wp-content\/uploads\/2026\/03\/giustizia-sportiva-TFN-Tribunale-Federale-Nazionale.jpg\" \/>\n<meta name=\"author\" content=\"ILFG\" \/>\n<meta name=\"twitter:card\" content=\"summary_large_image\" \/>\n<meta name=\"twitter:label1\" content=\"Verfasst von\" \/>\n\t<meta name=\"twitter:data1\" content=\"ILFG\" \/>\n\t<meta name=\"twitter:label2\" content=\"Gesch\u00e4tzte Lesezeit\" \/>\n\t<meta name=\"twitter:data2\" content=\"2\u00a0Minuten\" \/>\n<script type=\"application\/ld+json\" class=\"yoast-schema-graph\">{\"@context\":\"https:\\\/\\\/schema.org\",\"@graph\":[{\"@type\":\"Article\",\"@id\":\"https:\\\/\\\/tifomania.store\\\/en\\\/sentenza-tfn-il-foggia-non-e-piu-ultimo-siracusa-di-nuovo-penalizzato\\\/#article\",\"isPartOf\":{\"@id\":\"https:\\\/\\\/tifomania.store\\\/en\\\/sentenza-tfn-il-foggia-non-e-piu-ultimo-siracusa-di-nuovo-penalizzato\\\/\"},\"author\":{\"name\":\"ILFG\",\"@id\":\"https:\\\/\\\/tifomania.store\\\/#\\\/schema\\\/person\\\/bda9e3a7b04e8c6e629c91b8370ec54d\"},\"headline\":\"Sentenza TFN, il Foggia non \u00e8 pi\u00f9 ultimo: Siracusa di nuovo penalizzato\",\"datePublished\":\"2026-03-26T14:29:35+00:00\",\"mainEntityOfPage\":{\"@id\":\"https:\\\/\\\/tifomania.store\\\/en\\\/sentenza-tfn-il-foggia-non-e-piu-ultimo-siracusa-di-nuovo-penalizzato\\\/\"},\"wordCount\":368,\"image\":{\"@id\":\"https:\\\/\\\/tifomania.store\\\/en\\\/sentenza-tfn-il-foggia-non-e-piu-ultimo-siracusa-di-nuovo-penalizzato\\\/#primaryimage\"},\"thumbnailUrl\":\"https:\\\/\\\/www.ilfoggia.com\\\/wp-content\\\/uploads\\\/2026\\\/03\\\/giustizia-sportiva-TFN-Tribunale-Federale-Nazionale.jpg\",\"keywords\":[\"Foggia\"],\"articleSection\":[\"Foggia Trapani\",\"News\",\"sentenza TFN\",\"Siracusa\",\"Trapani\"],\"inLanguage\":\"de\"},{\"@type\":\"WebPage\",\"@id\":\"https:\\\/\\\/tifomania.store\\\/en\\\/sentenza-tfn-il-foggia-non-e-piu-ultimo-siracusa-di-nuovo-penalizzato\\\/\",\"url\":\"https:\\\/\\\/tifomania.store\\\/en\\\/sentenza-tfn-il-foggia-non-e-piu-ultimo-siracusa-di-nuovo-penalizzato\\\/\",\"name\":\"Sentenza TFN, il Foggia non \u00e8 pi\u00f9 ultimo: Siracusa di nuovo penalizzato\",\"isPartOf\":{\"@id\":\"https:\\\/\\\/tifomania.store\\\/#website\"},\"primaryImageOfPage\":{\"@id\":\"https:\\\/\\\/tifomania.store\\\/en\\\/sentenza-tfn-il-foggia-non-e-piu-ultimo-siracusa-di-nuovo-penalizzato\\\/#primaryimage\"},\"image\":{\"@id\":\"https:\\\/\\\/tifomania.store\\\/en\\\/sentenza-tfn-il-foggia-non-e-piu-ultimo-siracusa-di-nuovo-penalizzato\\\/#primaryimage\"},\"thumbnailUrl\":\"https:\\\/\\\/www.ilfoggia.com\\\/wp-content\\\/uploads\\\/2026\\\/03\\\/giustizia-sportiva-TFN-Tribunale-Federale-Nazionale.jpg\",\"datePublished\":\"2026-03-26T14:29:35+00:00\",\"author\":{\"@id\":\"https:\\\/\\\/tifomania.store\\\/#\\\/schema\\\/person\\\/bda9e3a7b04e8c6e629c91b8370ec54d\"},\"breadcrumb\":{\"@id\":\"https:\\\/\\\/tifomania.store\\\/en\\\/sentenza-tfn-il-foggia-non-e-piu-ultimo-siracusa-di-nuovo-penalizzato\\\/#breadcrumb\"},\"inLanguage\":\"de\",\"potentialAction\":[{\"@type\":\"ReadAction\",\"target\":[\"https:\\\/\\\/tifomania.store\\\/en\\\/sentenza-tfn-il-foggia-non-e-piu-ultimo-siracusa-di-nuovo-penalizzato\\\/\"]}]},{\"@type\":\"ImageObject\",\"inLanguage\":\"de\",\"@id\":\"https:\\\/\\\/tifomania.store\\\/en\\\/sentenza-tfn-il-foggia-non-e-piu-ultimo-siracusa-di-nuovo-penalizzato\\\/#primaryimage\",\"url\":\"https:\\\/\\\/www.ilfoggia.com\\\/wp-content\\\/uploads\\\/2026\\\/03\\\/giustizia-sportiva-TFN-Tribunale-Federale-Nazionale.jpg\",\"contentUrl\":\"https:\\\/\\\/www.ilfoggia.com\\\/wp-content\\\/uploads\\\/2026\\\/03\\\/giustizia-sportiva-TFN-Tribunale-Federale-Nazionale.jpg\"},{\"@type\":\"BreadcrumbList\",\"@id\":\"https:\\\/\\\/tifomania.store\\\/en\\\/sentenza-tfn-il-foggia-non-e-piu-ultimo-siracusa-di-nuovo-penalizzato\\\/#breadcrumb\",\"itemListElement\":[{\"@type\":\"ListItem\",\"position\":1,\"name\":\"Home\",\"item\":\"https:\\\/\\\/tifomania.store\\\/en\\\/\"},{\"@type\":\"ListItem\",\"position\":2,\"name\":\"Sentenza TFN, il Foggia non \u00e8 pi\u00f9 ultimo: Siracusa di nuovo penalizzato\"}]},{\"@type\":\"WebSite\",\"@id\":\"https:\\\/\\\/tifomania.store\\\/#website\",\"url\":\"https:\\\/\\\/tifomania.store\\\/\",\"name\":\"Tifomania\",\"description\":\"Where Passion Becomes Play\",\"potentialAction\":[{\"@type\":\"SearchAction\",\"target\":{\"@type\":\"EntryPoint\",\"urlTemplate\":\"https:\\\/\\\/tifomania.store\\\/?s={search_term_string}\"},\"query-input\":{\"@type\":\"PropertyValueSpecification\",\"valueRequired\":true,\"valueName\":\"search_term_string\"}}],\"inLanguage\":\"de\"},{\"@type\":\"Person\",\"@id\":\"https:\\\/\\\/tifomania.store\\\/#\\\/schema\\\/person\\\/bda9e3a7b04e8c6e629c91b8370ec54d\",\"name\":\"ILFG\",\"image\":{\"@type\":\"ImageObject\",\"inLanguage\":\"de\",\"@id\":\"https:\\\/\\\/secure.gravatar.com\\\/avatar\\\/d7576f3359e02575a71807ba15ab8c105c7b5c36e8f5c7fac6eda23cbc7f13d0?s=96&d=mm&r=g\",\"url\":\"https:\\\/\\\/secure.gravatar.com\\\/avatar\\\/d7576f3359e02575a71807ba15ab8c105c7b5c36e8f5c7fac6eda23cbc7f13d0?s=96&d=mm&r=g\",\"contentUrl\":\"https:\\\/\\\/secure.gravatar.com\\\/avatar\\\/d7576f3359e02575a71807ba15ab8c105c7b5c36e8f5c7fac6eda23cbc7f13d0?s=96&d=mm&r=g\",\"caption\":\"ILFG\"},\"url\":\"https:\\\/\\\/tifomania.store\\\/de\\\/author\\\/ilfg\\\/\"}]}<\/script>\n<!-- \/ Yoast SEO plugin. -->","yoast_head_json":{"title":"Sentenza TFN, il Foggia non \u00e8 pi\u00f9 ultimo: Siracusa di nuovo penalizzato","robots":{"index":"index","follow":"follow","max-snippet":"max-snippet:-1","max-image-preview":"max-image-preview:large","max-video-preview":"max-video-preview:-1"},"canonical":"https:\/\/tifomania.store\/de\/sentenza-tfn-il-foggia-non-e-piu-ultimo-siracusa-di-nuovo-penalizzato\/","og_locale":"de_DE","og_type":"article","og_title":"Sentenza TFN, il Foggia non \u00e8 pi\u00f9 ultimo: Siracusa di nuovo penalizzato","og_description":"Il&nbsp;Foggia lascia l\u2019ultimo posto in classifica. Non, purtroppo, per quanto successo sul campo, ma per la nuova sentenza emanata dall\u2019organo di giustizia sportivo. il Tribunale Federale Nazionale ha inflitto oggi una penalizzazione di cinque punti a...","og_url":"https:\/\/tifomania.store\/de\/sentenza-tfn-il-foggia-non-e-piu-ultimo-siracusa-di-nuovo-penalizzato\/","og_site_name":"Tifomania","article_published_time":"2026-03-26T14:29:35+00:00","og_image":[{"url":"https:\/\/www.ilfoggia.com\/wp-content\/uploads\/2026\/03\/giustizia-sportiva-TFN-Tribunale-Federale-Nazionale.jpg","type":"","width":"","height":""}],"author":"ILFG","twitter_card":"summary_large_image","twitter_misc":{"Verfasst von":"ILFG","Gesch\u00e4tzte Lesezeit":"2\u00a0Minuten"},"schema":{"@context":"https:\/\/schema.org","@graph":[{"@type":"Article","@id":"https:\/\/tifomania.store\/en\/sentenza-tfn-il-foggia-non-e-piu-ultimo-siracusa-di-nuovo-penalizzato\/#article","isPartOf":{"@id":"https:\/\/tifomania.store\/en\/sentenza-tfn-il-foggia-non-e-piu-ultimo-siracusa-di-nuovo-penalizzato\/"},"author":{"name":"ILFG","@id":"https:\/\/tifomania.store\/#\/schema\/person\/bda9e3a7b04e8c6e629c91b8370ec54d"},"headline":"Sentenza TFN, il Foggia non \u00e8 pi\u00f9 ultimo: Siracusa di nuovo penalizzato","datePublished":"2026-03-26T14:29:35+00:00","mainEntityOfPage":{"@id":"https:\/\/tifomania.store\/en\/sentenza-tfn-il-foggia-non-e-piu-ultimo-siracusa-di-nuovo-penalizzato\/"},"wordCount":368,"image":{"@id":"https:\/\/tifomania.store\/en\/sentenza-tfn-il-foggia-non-e-piu-ultimo-siracusa-di-nuovo-penalizzato\/#primaryimage"},"thumbnailUrl":"https:\/\/www.ilfoggia.com\/wp-content\/uploads\/2026\/03\/giustizia-sportiva-TFN-Tribunale-Federale-Nazionale.jpg","keywords":["Foggia"],"articleSection":["Foggia Trapani","News","sentenza TFN","Siracusa","Trapani"],"inLanguage":"de"},{"@type":"WebPage","@id":"https:\/\/tifomania.store\/en\/sentenza-tfn-il-foggia-non-e-piu-ultimo-siracusa-di-nuovo-penalizzato\/","url":"https:\/\/tifomania.store\/en\/sentenza-tfn-il-foggia-non-e-piu-ultimo-siracusa-di-nuovo-penalizzato\/","name":"Sentenza TFN, il Foggia non \u00e8 pi\u00f9 ultimo: Siracusa di nuovo penalizzato","isPartOf":{"@id":"https:\/\/tifomania.store\/#website"},"primaryImageOfPage":{"@id":"https:\/\/tifomania.store\/en\/sentenza-tfn-il-foggia-non-e-piu-ultimo-siracusa-di-nuovo-penalizzato\/#primaryimage"},"image":{"@id":"https:\/\/tifomania.store\/en\/sentenza-tfn-il-foggia-non-e-piu-ultimo-siracusa-di-nuovo-penalizzato\/#primaryimage"},"thumbnailUrl":"https:\/\/www.ilfoggia.com\/wp-content\/uploads\/2026\/03\/giustizia-sportiva-TFN-Tribunale-Federale-Nazionale.jpg","datePublished":"2026-03-26T14:29:35+00:00","author":{"@id":"https:\/\/tifomania.store\/#\/schema\/person\/bda9e3a7b04e8c6e629c91b8370ec54d"},"breadcrumb":{"@id":"https:\/\/tifomania.store\/en\/sentenza-tfn-il-foggia-non-e-piu-ultimo-siracusa-di-nuovo-penalizzato\/#breadcrumb"},"inLanguage":"de","potentialAction":[{"@type":"ReadAction","target":["https:\/\/tifomania.store\/en\/sentenza-tfn-il-foggia-non-e-piu-ultimo-siracusa-di-nuovo-penalizzato\/"]}]},{"@type":"ImageObject","inLanguage":"de","@id":"https:\/\/tifomania.store\/en\/sentenza-tfn-il-foggia-non-e-piu-ultimo-siracusa-di-nuovo-penalizzato\/#primaryimage","url":"https:\/\/www.ilfoggia.com\/wp-content\/uploads\/2026\/03\/giustizia-sportiva-TFN-Tribunale-Federale-Nazionale.jpg","contentUrl":"https:\/\/www.ilfoggia.com\/wp-content\/uploads\/2026\/03\/giustizia-sportiva-TFN-Tribunale-Federale-Nazionale.jpg"},{"@type":"BreadcrumbList","@id":"https:\/\/tifomania.store\/en\/sentenza-tfn-il-foggia-non-e-piu-ultimo-siracusa-di-nuovo-penalizzato\/#breadcrumb","itemListElement":[{"@type":"ListItem","position":1,"name":"Home","item":"https:\/\/tifomania.store\/en\/"},{"@type":"ListItem","position":2,"name":"Sentenza TFN, il Foggia non \u00e8 pi\u00f9 ultimo: Siracusa di nuovo penalizzato"}]},{"@type":"WebSite","@id":"https:\/\/tifomania.store\/#website","url":"https:\/\/tifomania.store\/","name":"Tifomania","description":"Wo die Leidenschaft zum Spiel wird","potentialAction":[{"@type":"SearchAction","target":{"@type":"EntryPoint","urlTemplate":"https:\/\/tifomania.store\/?s={search_term_string}"},"query-input":{"@type":"PropertyValueSpecification","valueRequired":true,"valueName":"search_term_string"}}],"inLanguage":"de"},{"@type":"Person","@id":"https:\/\/tifomania.store\/#\/schema\/person\/bda9e3a7b04e8c6e629c91b8370ec54d","name":"ILFG","image":{"@type":"ImageObject","inLanguage":"de","@id":"https:\/\/secure.gravatar.com\/avatar\/d7576f3359e02575a71807ba15ab8c105c7b5c36e8f5c7fac6eda23cbc7f13d0?s=96&d=mm&r=g","url":"https:\/\/secure.gravatar.com\/avatar\/d7576f3359e02575a71807ba15ab8c105c7b5c36e8f5c7fac6eda23cbc7f13d0?s=96&d=mm&r=g","contentUrl":"https:\/\/secure.gravatar.com\/avatar\/d7576f3359e02575a71807ba15ab8c105c7b5c36e8f5c7fac6eda23cbc7f13d0?s=96&d=mm&r=g","caption":"ILFG"},"url":"https:\/\/tifomania.store\/de\/author\/ilfg\/"}]}},"_links":{"self":[{"href":"https:\/\/tifomania.store\/de\/wp-json\/wp\/v2\/posts\/11428","targetHints":{"allow":["GET"]}}],"collection":[{"href":"https:\/\/tifomania.store\/de\/wp-json\/wp\/v2\/posts"}],"about":[{"href":"https:\/\/tifomania.store\/de\/wp-json\/wp\/v2\/types\/post"}],"author":[{"embeddable":true,"href":"https:\/\/tifomania.store\/de\/wp-json\/wp\/v2\/users\/4"}],"replies":[{"embeddable":true,"href":"https:\/\/tifomania.store\/de\/wp-json\/wp\/v2\/comments?post=11428"}],"version-history":[{"count":1,"href":"https:\/\/tifomania.store\/de\/wp-json\/wp\/v2\/posts\/11428\/revisions"}],"predecessor-version":[{"id":11429,"href":"https:\/\/tifomania.store\/de\/wp-json\/wp\/v2\/posts\/11428\/revisions\/11429"}],"wp:attachment":[{"href":"https:\/\/tifomania.store\/de\/wp-json\/wp\/v2\/media?parent=11428"}],"wp:term":[{"taxonomy":"category","embeddable":true,"href":"https:\/\/tifomania.store\/de\/wp-json\/wp\/v2\/categories?post=11428"},{"taxonomy":"post_tag","embeddable":true,"href":"https:\/\/tifomania.store\/de\/wp-json\/wp\/v2\/tags?post=11428"}],"curies":[{"name":"wp","href":"https:\/\/api.w.org\/{rel}","templated":true}]}}