{"id":11438,"date":"2026-04-08T15:07:02","date_gmt":"2026-04-08T15:07:02","guid":{"rendered":"https:\/\/www.ilfoggia.com\/?p=24074"},"modified":"2026-04-08T15:07:02","modified_gmt":"2026-04-08T15:07:02","slug":"finisse-presto-da-zenica-a-cosenza-passando-per-siracusa-la-settimana-di-rino-la-forgia","status":"publish","type":"post","link":"https:\/\/tifomania.store\/de\/finisse-presto-da-zenica-a-cosenza-passando-per-siracusa-la-settimana-di-rino-la-forgia\/","title":{"rendered":"\u2026Schnell fertig werden \/ Von Zenica nach Cosenza \u00fcber\u2026 Syrakus: Rinon La Forgias Woche"},"content":{"rendered":"<h5><em>... BALD ENDEN <\/em><\/h5>\n<p><strong><em>Nationales Drama.<\/em><\/strong><br>Es ist Pflicht, ein paar Worte zur besch\u00e4menden und dritten Weltcup-Auslassung zu verlieren. Ihr werdet sehen, wir sind in Italien, alles wird sich \u00e4ndern... damit nichts sich \u00e4ndert. Wer hat Gravina gew\u00e4hlt? R\u00fccktritt, in Italien? Aber wenn am selben Tag nach dem Spiel Gattuso in der Pressekonferenz best\u00e4tigt hatte...<br>Wie \u00fcblich und aktuell wird der \u00fcbliche Scherzbold die T\u00fcr offen halten f\u00fcr die M\u00f6glichkeit, dass dieses kleine Italien den Platz eines in Ungnade gefallenen Nationalteams einnehmen k\u00f6nnte (z. B. aus Kriegsgr\u00fcnden), so wie es dann auch die \u00fcbliche Karussellfahrt unserer Helden bei ihren Ferien geben wird. Helden auch, weil sie auf den Qualifikationsbonus verzichten mussten.<br>Im Ernst, man sollte sich gerade von den Bosniern ein Beispiel nehmen, wegen ihrer Geschichte, wegen ihres Zugeh\u00f6rigkeitsgef\u00fchls.<br>Es g\u00e4be viel, zu viel zu sagen, aber wie ein altes Sprichwort sagt, haben wir den \u201ctoten Mann im Haus\u201d, es ist ratsam, sich um unsere eigenen Angelegenheiten zu k\u00fcmmern.<\/p>\n<p><strong><em><img src=\"https:\/\/www.ilfoggia.com\/wp-content\/uploads\/2026\/04\/Cosenza-Foggia-Florenzi-Staver-300x213.png\" loading=\"lazy\" class=\"wp-image-24078 alignleft\" alt width=\"418\" height=\"297\" srcset=\"https:\/\/www.ilfoggia.com\/wp-content\/uploads\/2026\/04\/Cosenza-Foggia-Florenzi-Staver-300x213.png 300w, https:\/\/www.ilfoggia.com\/wp-content\/uploads\/2026\/04\/Cosenza-Foggia-Florenzi-Staver.png 695w\" sizes=\"(max-width: 418px) 100vw, 418px\"><\/em><\/strong><\/p><noscript><img loading=\"lazy\" class=\"wp-image-24078 alignleft\" src=\"https:\/\/www.ilfoggia.com\/wp-content\/uploads\/2026\/04\/Cosenza-Foggia-Florenzi-Staver-300x213.png\" alt width=\"418\" height=\"297\" srcset=\"https:\/\/www.ilfoggia.com\/wp-content\/uploads\/2026\/04\/Cosenza-Foggia-Florenzi-Staver-300x213.png 300w, https:\/\/www.ilfoggia.com\/wp-content\/uploads\/2026\/04\/Cosenza-Foggia-Florenzi-Staver.png 695w\" sizes=\"(max-width: 418px) 100vw, 418px\"><\/noscript>Cosenza-Foggia.<br>Diese Partie zu beschreiben ist in gewisser Weise ein Unterfangen, da man weder von einem hervorragenden Foggia sprechen kann, noch davon, dass alles in die Wertlosigkeit abgleitet.<br>Auf dem Papier war die Partie entschieden, noch bevor sie begann, wenn man die Tabellenpositionen, die Punktedifferenz, die St\u00e4rke der Mannschaften und die extrem g\u00fcnstige Form der kalabrischen Mannschaft bedenkt. Man muss sagen, dass wir von einer rein offensiv ausgerichteten Mannschaft \u201cnur\u201d ein Gegentor kassiert haben. Man muss sagen, dass dieser Unterschied auf dem Spielfeld nicht so stark bemerkbar war. Man muss sagen, dass uns das Pressing auf die gegnerischen Verteidiger in der Aufbauphase gefallen hat.<br>Die Kehrseite der Medaille ist jedoch, dass wir ein Tor kassiert haben, wie man es nicht einmal in Pfarrturnieren sieht\u2026 Dass wir es trotz einer teilweise oberfl\u00e4chlichen gegnerischen Abwehr nicht geschafft haben, den kalabrischen Torwart wegen Unt\u00e4tigkeit zu bewerten. Wissen unsere Jungs, dass sie treffen m\u00fcssen, wenn sie die Playoffs erreichen wollen?\n<p><em><strong>Schiedsrichter.<\/strong><\/em><br>Wenn wir uns an diese einzige Episode klammern, wenige Sekunden vor Schluss, wo wir etwas beanspruchen k\u00f6nnen, bedeutet das, dass wir nichts verstanden haben.<br>Wahr, wie Casillo sagt, dass wir uns an Episoden klammern m\u00fcssen, aber kann das das Verdienen eines positiven Ergebnisses rechtfertigen? Dann ist es klar, dass ein Schiedsrichter, wenn er auch \u00fcber eine entscheidende Episode hinwegsieht... \u00dcbrigens, wenn wir wollen, w\u00fcrde ich mich mehr auf den Elfmeter f\u00fcr die Kalabrier konzentrieren, der unserer Meinung nach geschenkt ist und trotz der Hilfe dieser nutzlosen und sch\u00e4dlichen Sache des FVS. Nun, beim 2:0 h\u00e4ttest du dich nicht einmal beschweren k\u00f6nnen.<\/p>\n<p><strong><em>Das Team.<img src=\"https:\/\/www.ilfoggia.com\/wp-content\/uploads\/2026\/02\/IMG_6207-300x200.jpg\" loading=\"lazy\" class=\"wp-image-23957 alignright\" alt width=\"409\" height=\"272\" srcset=\"https:\/\/www.ilfoggia.com\/wp-content\/uploads\/2026\/02\/IMG_6207-300x200.jpg 300w, https:\/\/www.ilfoggia.com\/wp-content\/uploads\/2026\/02\/IMG_6207-1024x683.jpg 1024w, https:\/\/www.ilfoggia.com\/wp-content\/uploads\/2026\/02\/IMG_6207-768x512.jpg 768w, https:\/\/www.ilfoggia.com\/wp-content\/uploads\/2026\/02\/IMG_6207-1536x1024.jpg 1536w, https:\/\/www.ilfoggia.com\/wp-content\/uploads\/2026\/02\/IMG_6207-2048x1365.jpg 2048w\" sizes=\"(max-width: 409px) 100vw, 409px\"><\/em><\/strong><\/p><noscript><img loading=\"lazy\" class=\"wp-image-23957 alignright\" src=\"https:\/\/www.ilfoggia.com\/wp-content\/uploads\/2026\/02\/IMG_6207-300x200.jpg\" alt width=\"409\" height=\"272\" srcset=\"https:\/\/www.ilfoggia.com\/wp-content\/uploads\/2026\/02\/IMG_6207-300x200.jpg 300w, https:\/\/www.ilfoggia.com\/wp-content\/uploads\/2026\/02\/IMG_6207-1024x683.jpg 1024w, https:\/\/www.ilfoggia.com\/wp-content\/uploads\/2026\/02\/IMG_6207-768x512.jpg 768w, https:\/\/www.ilfoggia.com\/wp-content\/uploads\/2026\/02\/IMG_6207-1536x1024.jpg 1536w, https:\/\/www.ilfoggia.com\/wp-content\/uploads\/2026\/02\/IMG_6207-2048x1365.jpg 2048w\" sizes=\"(max-width: 409px) 100vw, 409px\"><\/noscript><br>Es tut mir leid, aber ich wei\u00df nicht, inwieweit es eine Einigkeit der Absichten gibt. Was wir, obwohl wir keine Insider sind, feststellen, ist, dass diejenigen, die die Qualit\u00e4t des Spiels h\u00e4tten verbessern sollen, perfekte Geister sind. Umgekehrt erweisen sich andere, teils aus der D-Liga stammend, teils bisher keine Position in der Mannschaft beanspruchend, als positive Elemente. Es ist unangenehm, Namen zu nennen, aber wir alle schauen die Spiele.\n<p><em><strong>Zukunft.<\/strong><\/em><br>Wir wissen nicht, wie es enden wird, aber wir hoffen<em> m\u00f6ge es bald enden<\/em>. Mittlerweile lauert ein ungl\u00fccklicher Syracuser um die Ecke, der jedoch trotz allem sein Bestes gibt. Werden unsere Jungs in der Lage sein, das Spiel und ihr Gesicht nicht zu verlieren?<\/p>\n<p><em>Rino La Forgia<\/em><\/p>\n<p>RIPRODUZIONE RISERVATA<\/p>\n\t\t<p><strong><a href=\"https:\/\/blockads.fivefilters.org\/\">Adblock-Test<\/a><\/strong> <a href=\"https:\/\/blockads.fivefilters.org\/acceptable.html\">(Warum?)<\/a><\/p>","protected":false},"excerpt":{"rendered":"<p>... BALD ENDEN<br \/>\nDramma Nazionale.D\u2019obbligo spendere due parole sulla vergognosa e terza estromissione dai mondiali. Vedrete, siamo in Italia, cambier\u00e0 tutto\u2026per non cambiare nulla. Chi ha eletto Gravina? Dimissioni, in Italia? Ma se in conferenza stam&#8230;<\/p>","protected":false},"author":4,"featured_media":0,"comment_status":"closed","ping_status":"closed","sticky":false,"template":"","format":"standard","meta":{"footnotes":""},"categories":[379,380,170],"tags":[134],"class_list":["post-11438","post","type-post","status-publish","format-standard","hentry","category-cosenza-foggia","category-nazionale-italiana","category-news","tag-foggia"],"yoast_head":"<!-- This site is optimized with the Yoast SEO plugin v27.4 - https:\/\/yoast.com\/product\/yoast-seo-wordpress\/ -->\n<title>\u2026Finisse presto \/ Da Zenica a Cosenza passando per\u2026 Siracusa : la Settimana di Rino La Forgia<\/title>\n<meta name=\"robots\" content=\"index, follow, max-snippet:-1, max-image-preview:large, max-video-preview:-1\" \/>\n<link rel=\"canonical\" href=\"https:\/\/tifomania.store\/de\/finisse-presto-da-zenica-a-cosenza-passando-per-siracusa-la-settimana-di-rino-la-forgia\/\" \/>\n<meta property=\"og:locale\" content=\"de_DE\" \/>\n<meta property=\"og:type\" content=\"article\" \/>\n<meta property=\"og:title\" content=\"\u2026Finisse presto \/ Da Zenica a Cosenza passando per\u2026 Siracusa : la Settimana di Rino La Forgia\" \/>\n<meta property=\"og:description\" content=\"\u2026FINISSE PRESTO Dramma Nazionale.D\u2019obbligo spendere due parole sulla vergognosa e terza estromissione dai mondiali. Vedrete, siamo in Italia, cambier\u00e0 tutto\u2026per non cambiare nulla. Chi ha eletto Gravina? Dimissioni, in Italia? Ma se in conferenza stam...\" \/>\n<meta property=\"og:url\" content=\"https:\/\/tifomania.store\/de\/finisse-presto-da-zenica-a-cosenza-passando-per-siracusa-la-settimana-di-rino-la-forgia\/\" \/>\n<meta property=\"og:site_name\" content=\"Tifomania\" \/>\n<meta property=\"article:published_time\" content=\"2026-04-08T15:07:02+00:00\" \/>\n<meta name=\"author\" content=\"ILFG\" \/>\n<meta name=\"twitter:card\" content=\"summary_large_image\" \/>\n<meta name=\"twitter:label1\" content=\"Verfasst von\" \/>\n\t<meta name=\"twitter:data1\" content=\"ILFG\" \/>\n\t<meta name=\"twitter:label2\" content=\"Gesch\u00e4tzte Lesezeit\" \/>\n\t<meta name=\"twitter:data2\" content=\"3\u00a0Minuten\" \/>\n<script type=\"application\/ld+json\" class=\"yoast-schema-graph\">{\"@context\":\"https:\\\/\\\/schema.org\",\"@graph\":[{\"@type\":\"Article\",\"@id\":\"https:\\\/\\\/tifomania.store\\\/es\\\/finisse-presto-da-zenica-a-cosenza-passando-per-siracusa-la-settimana-di-rino-la-forgia\\\/#article\",\"isPartOf\":{\"@id\":\"https:\\\/\\\/tifomania.store\\\/es\\\/finisse-presto-da-zenica-a-cosenza-passando-per-siracusa-la-settimana-di-rino-la-forgia\\\/\"},\"author\":{\"name\":\"ILFG\",\"@id\":\"https:\\\/\\\/tifomania.store\\\/#\\\/schema\\\/person\\\/bda9e3a7b04e8c6e629c91b8370ec54d\"},\"headline\":\"\u2026Finisse presto \\\/ Da Zenica a Cosenza passando per\u2026 Siracusa : la Settimana di Rino La Forgia\",\"datePublished\":\"2026-04-08T15:07:02+00:00\",\"mainEntityOfPage\":{\"@id\":\"https:\\\/\\\/tifomania.store\\\/es\\\/finisse-presto-da-zenica-a-cosenza-passando-per-siracusa-la-settimana-di-rino-la-forgia\\\/\"},\"wordCount\":528,\"image\":{\"@id\":\"https:\\\/\\\/tifomania.store\\\/es\\\/finisse-presto-da-zenica-a-cosenza-passando-per-siracusa-la-settimana-di-rino-la-forgia\\\/#primaryimage\"},\"thumbnailUrl\":\"https:\\\/\\\/www.ilfoggia.com\\\/wp-content\\\/uploads\\\/2026\\\/04\\\/Cosenza-Foggia-Florenzi-Staver-300x213.png\",\"keywords\":[\"Foggia\"],\"articleSection\":[\"Cosenza-Foggia\",\"Nazionale italiana\",\"News\"],\"inLanguage\":\"de\"},{\"@type\":\"WebPage\",\"@id\":\"https:\\\/\\\/tifomania.store\\\/es\\\/finisse-presto-da-zenica-a-cosenza-passando-per-siracusa-la-settimana-di-rino-la-forgia\\\/\",\"url\":\"https:\\\/\\\/tifomania.store\\\/es\\\/finisse-presto-da-zenica-a-cosenza-passando-per-siracusa-la-settimana-di-rino-la-forgia\\\/\",\"name\":\"\u2026Finisse presto \\\/ Da Zenica a Cosenza passando per\u2026 Siracusa : la Settimana di Rino La Forgia\",\"isPartOf\":{\"@id\":\"https:\\\/\\\/tifomania.store\\\/#website\"},\"primaryImageOfPage\":{\"@id\":\"https:\\\/\\\/tifomania.store\\\/es\\\/finisse-presto-da-zenica-a-cosenza-passando-per-siracusa-la-settimana-di-rino-la-forgia\\\/#primaryimage\"},\"image\":{\"@id\":\"https:\\\/\\\/tifomania.store\\\/es\\\/finisse-presto-da-zenica-a-cosenza-passando-per-siracusa-la-settimana-di-rino-la-forgia\\\/#primaryimage\"},\"thumbnailUrl\":\"https:\\\/\\\/www.ilfoggia.com\\\/wp-content\\\/uploads\\\/2026\\\/04\\\/Cosenza-Foggia-Florenzi-Staver-300x213.png\",\"datePublished\":\"2026-04-08T15:07:02+00:00\",\"author\":{\"@id\":\"https:\\\/\\\/tifomania.store\\\/#\\\/schema\\\/person\\\/bda9e3a7b04e8c6e629c91b8370ec54d\"},\"breadcrumb\":{\"@id\":\"https:\\\/\\\/tifomania.store\\\/es\\\/finisse-presto-da-zenica-a-cosenza-passando-per-siracusa-la-settimana-di-rino-la-forgia\\\/#breadcrumb\"},\"inLanguage\":\"de\",\"potentialAction\":[{\"@type\":\"ReadAction\",\"target\":[\"https:\\\/\\\/tifomania.store\\\/es\\\/finisse-presto-da-zenica-a-cosenza-passando-per-siracusa-la-settimana-di-rino-la-forgia\\\/\"]}]},{\"@type\":\"ImageObject\",\"inLanguage\":\"de\",\"@id\":\"https:\\\/\\\/tifomania.store\\\/es\\\/finisse-presto-da-zenica-a-cosenza-passando-per-siracusa-la-settimana-di-rino-la-forgia\\\/#primaryimage\",\"url\":\"https:\\\/\\\/www.ilfoggia.com\\\/wp-content\\\/uploads\\\/2026\\\/04\\\/Cosenza-Foggia-Florenzi-Staver-300x213.png\",\"contentUrl\":\"https:\\\/\\\/www.ilfoggia.com\\\/wp-content\\\/uploads\\\/2026\\\/04\\\/Cosenza-Foggia-Florenzi-Staver-300x213.png\"},{\"@type\":\"BreadcrumbList\",\"@id\":\"https:\\\/\\\/tifomania.store\\\/es\\\/finisse-presto-da-zenica-a-cosenza-passando-per-siracusa-la-settimana-di-rino-la-forgia\\\/#breadcrumb\",\"itemListElement\":[{\"@type\":\"ListItem\",\"position\":1,\"name\":\"Home\",\"item\":\"https:\\\/\\\/tifomania.store\\\/en\\\/\"},{\"@type\":\"ListItem\",\"position\":2,\"name\":\"\u2026Finisse presto \\\/ Da Zenica a Cosenza passando per\u2026 Siracusa : la Settimana di Rino La Forgia\"}]},{\"@type\":\"WebSite\",\"@id\":\"https:\\\/\\\/tifomania.store\\\/#website\",\"url\":\"https:\\\/\\\/tifomania.store\\\/\",\"name\":\"Tifomania\",\"description\":\"Where Passion Becomes Play\",\"potentialAction\":[{\"@type\":\"SearchAction\",\"target\":{\"@type\":\"EntryPoint\",\"urlTemplate\":\"https:\\\/\\\/tifomania.store\\\/?s={search_term_string}\"},\"query-input\":{\"@type\":\"PropertyValueSpecification\",\"valueRequired\":true,\"valueName\":\"search_term_string\"}}],\"inLanguage\":\"de\"},{\"@type\":\"Person\",\"@id\":\"https:\\\/\\\/tifomania.store\\\/#\\\/schema\\\/person\\\/bda9e3a7b04e8c6e629c91b8370ec54d\",\"name\":\"ILFG\",\"image\":{\"@type\":\"ImageObject\",\"inLanguage\":\"de\",\"@id\":\"https:\\\/\\\/secure.gravatar.com\\\/avatar\\\/d7576f3359e02575a71807ba15ab8c105c7b5c36e8f5c7fac6eda23cbc7f13d0?s=96&d=mm&r=g\",\"url\":\"https:\\\/\\\/secure.gravatar.com\\\/avatar\\\/d7576f3359e02575a71807ba15ab8c105c7b5c36e8f5c7fac6eda23cbc7f13d0?s=96&d=mm&r=g\",\"contentUrl\":\"https:\\\/\\\/secure.gravatar.com\\\/avatar\\\/d7576f3359e02575a71807ba15ab8c105c7b5c36e8f5c7fac6eda23cbc7f13d0?s=96&d=mm&r=g\",\"caption\":\"ILFG\"},\"url\":\"https:\\\/\\\/tifomania.store\\\/de\\\/author\\\/ilfg\\\/\"}]}<\/script>\n<!-- \/ Yoast SEO plugin. -->","yoast_head_json":{"title":"\u2026Schnell fertig werden \/ Von Zenica nach Cosenza \u00fcber\u2026 Syrakus: Rinon La Forgias Woche","robots":{"index":"index","follow":"follow","max-snippet":"max-snippet:-1","max-image-preview":"max-image-preview:large","max-video-preview":"max-video-preview:-1"},"canonical":"https:\/\/tifomania.store\/de\/finisse-presto-da-zenica-a-cosenza-passando-per-siracusa-la-settimana-di-rino-la-forgia\/","og_locale":"de_DE","og_type":"article","og_title":"\u2026Finisse presto \/ Da Zenica a Cosenza passando per\u2026 Siracusa : la Settimana di Rino La Forgia","og_description":"\u2026FINISSE PRESTO Dramma Nazionale.D\u2019obbligo spendere due parole sulla vergognosa e terza estromissione dai mondiali. Vedrete, siamo in Italia, cambier\u00e0 tutto\u2026per non cambiare nulla. Chi ha eletto Gravina? Dimissioni, in Italia? Ma se in conferenza stam...","og_url":"https:\/\/tifomania.store\/de\/finisse-presto-da-zenica-a-cosenza-passando-per-siracusa-la-settimana-di-rino-la-forgia\/","og_site_name":"Tifomania","article_published_time":"2026-04-08T15:07:02+00:00","author":"ILFG","twitter_card":"summary_large_image","twitter_misc":{"Verfasst von":"ILFG","Gesch\u00e4tzte Lesezeit":"3\u00a0Minuten"},"schema":{"@context":"https:\/\/schema.org","@graph":[{"@type":"Article","@id":"https:\/\/tifomania.store\/es\/finisse-presto-da-zenica-a-cosenza-passando-per-siracusa-la-settimana-di-rino-la-forgia\/#article","isPartOf":{"@id":"https:\/\/tifomania.store\/es\/finisse-presto-da-zenica-a-cosenza-passando-per-siracusa-la-settimana-di-rino-la-forgia\/"},"author":{"name":"ILFG","@id":"https:\/\/tifomania.store\/#\/schema\/person\/bda9e3a7b04e8c6e629c91b8370ec54d"},"headline":"\u2026Finisse presto \/ Da Zenica a Cosenza passando per\u2026 Siracusa : la Settimana di Rino La Forgia","datePublished":"2026-04-08T15:07:02+00:00","mainEntityOfPage":{"@id":"https:\/\/tifomania.store\/es\/finisse-presto-da-zenica-a-cosenza-passando-per-siracusa-la-settimana-di-rino-la-forgia\/"},"wordCount":528,"image":{"@id":"https:\/\/tifomania.store\/es\/finisse-presto-da-zenica-a-cosenza-passando-per-siracusa-la-settimana-di-rino-la-forgia\/#primaryimage"},"thumbnailUrl":"https:\/\/www.ilfoggia.com\/wp-content\/uploads\/2026\/04\/Cosenza-Foggia-Florenzi-Staver-300x213.png","keywords":["Foggia"],"articleSection":["Cosenza-Foggia","Nazionale italiana","News"],"inLanguage":"de"},{"@type":"WebPage","@id":"https:\/\/tifomania.store\/es\/finisse-presto-da-zenica-a-cosenza-passando-per-siracusa-la-settimana-di-rino-la-forgia\/","url":"https:\/\/tifomania.store\/es\/finisse-presto-da-zenica-a-cosenza-passando-per-siracusa-la-settimana-di-rino-la-forgia\/","name":"\u2026Schnell fertig werden \/ Von Zenica nach Cosenza \u00fcber\u2026 Syrakus: Rinon La Forgias Woche","isPartOf":{"@id":"https:\/\/tifomania.store\/#website"},"primaryImageOfPage":{"@id":"https:\/\/tifomania.store\/es\/finisse-presto-da-zenica-a-cosenza-passando-per-siracusa-la-settimana-di-rino-la-forgia\/#primaryimage"},"image":{"@id":"https:\/\/tifomania.store\/es\/finisse-presto-da-zenica-a-cosenza-passando-per-siracusa-la-settimana-di-rino-la-forgia\/#primaryimage"},"thumbnailUrl":"https:\/\/www.ilfoggia.com\/wp-content\/uploads\/2026\/04\/Cosenza-Foggia-Florenzi-Staver-300x213.png","datePublished":"2026-04-08T15:07:02+00:00","author":{"@id":"https:\/\/tifomania.store\/#\/schema\/person\/bda9e3a7b04e8c6e629c91b8370ec54d"},"breadcrumb":{"@id":"https:\/\/tifomania.store\/es\/finisse-presto-da-zenica-a-cosenza-passando-per-siracusa-la-settimana-di-rino-la-forgia\/#breadcrumb"},"inLanguage":"de","potentialAction":[{"@type":"ReadAction","target":["https:\/\/tifomania.store\/es\/finisse-presto-da-zenica-a-cosenza-passando-per-siracusa-la-settimana-di-rino-la-forgia\/"]}]},{"@type":"ImageObject","inLanguage":"de","@id":"https:\/\/tifomania.store\/es\/finisse-presto-da-zenica-a-cosenza-passando-per-siracusa-la-settimana-di-rino-la-forgia\/#primaryimage","url":"https:\/\/www.ilfoggia.com\/wp-content\/uploads\/2026\/04\/Cosenza-Foggia-Florenzi-Staver-300x213.png","contentUrl":"https:\/\/www.ilfoggia.com\/wp-content\/uploads\/2026\/04\/Cosenza-Foggia-Florenzi-Staver-300x213.png"},{"@type":"BreadcrumbList","@id":"https:\/\/tifomania.store\/es\/finisse-presto-da-zenica-a-cosenza-passando-per-siracusa-la-settimana-di-rino-la-forgia\/#breadcrumb","itemListElement":[{"@type":"ListItem","position":1,"name":"Home","item":"https:\/\/tifomania.store\/en\/"},{"@type":"ListItem","position":2,"name":"\u2026Finisse presto \/ Da Zenica a Cosenza passando per\u2026 Siracusa : la Settimana di Rino La Forgia"}]},{"@type":"WebSite","@id":"https:\/\/tifomania.store\/#website","url":"https:\/\/tifomania.store\/","name":"Tifomania","description":"Wo die Leidenschaft zum Spiel wird","potentialAction":[{"@type":"SearchAction","target":{"@type":"EntryPoint","urlTemplate":"https:\/\/tifomania.store\/?s={search_term_string}"},"query-input":{"@type":"PropertyValueSpecification","valueRequired":true,"valueName":"search_term_string"}}],"inLanguage":"de"},{"@type":"Person","@id":"https:\/\/tifomania.store\/#\/schema\/person\/bda9e3a7b04e8c6e629c91b8370ec54d","name":"ILFG","image":{"@type":"ImageObject","inLanguage":"de","@id":"https:\/\/secure.gravatar.com\/avatar\/d7576f3359e02575a71807ba15ab8c105c7b5c36e8f5c7fac6eda23cbc7f13d0?s=96&d=mm&r=g","url":"https:\/\/secure.gravatar.com\/avatar\/d7576f3359e02575a71807ba15ab8c105c7b5c36e8f5c7fac6eda23cbc7f13d0?s=96&d=mm&r=g","contentUrl":"https:\/\/secure.gravatar.com\/avatar\/d7576f3359e02575a71807ba15ab8c105c7b5c36e8f5c7fac6eda23cbc7f13d0?s=96&d=mm&r=g","caption":"ILFG"},"url":"https:\/\/tifomania.store\/de\/author\/ilfg\/"}]}},"_links":{"self":[{"href":"https:\/\/tifomania.store\/de\/wp-json\/wp\/v2\/posts\/11438","targetHints":{"allow":["GET"]}}],"collection":[{"href":"https:\/\/tifomania.store\/de\/wp-json\/wp\/v2\/posts"}],"about":[{"href":"https:\/\/tifomania.store\/de\/wp-json\/wp\/v2\/types\/post"}],"author":[{"embeddable":true,"href":"https:\/\/tifomania.store\/de\/wp-json\/wp\/v2\/users\/4"}],"replies":[{"embeddable":true,"href":"https:\/\/tifomania.store\/de\/wp-json\/wp\/v2\/comments?post=11438"}],"version-history":[{"count":1,"href":"https:\/\/tifomania.store\/de\/wp-json\/wp\/v2\/posts\/11438\/revisions"}],"predecessor-version":[{"id":11439,"href":"https:\/\/tifomania.store\/de\/wp-json\/wp\/v2\/posts\/11438\/revisions\/11439"}],"wp:attachment":[{"href":"https:\/\/tifomania.store\/de\/wp-json\/wp\/v2\/media?parent=11438"}],"wp:term":[{"taxonomy":"category","embeddable":true,"href":"https:\/\/tifomania.store\/de\/wp-json\/wp\/v2\/categories?post=11438"},{"taxonomy":"post_tag","embeddable":true,"href":"https:\/\/tifomania.store\/de\/wp-json\/wp\/v2\/tags?post=11438"}],"curies":[{"name":"wp","href":"https:\/\/api.w.org\/{rel}","templated":true}]}}