{"id":11438,"date":"2026-04-08T15:07:02","date_gmt":"2026-04-08T15:07:02","guid":{"rendered":"https:\/\/www.ilfoggia.com\/?p=24074"},"modified":"2026-04-08T15:07:02","modified_gmt":"2026-04-08T15:07:02","slug":"finisse-presto-da-zenica-a-cosenza-passando-per-siracusa-la-settimana-di-rino-la-forgia","status":"publish","type":"post","link":"https:\/\/tifomania.store\/en\/finisse-presto-da-zenica-a-cosenza-passando-per-siracusa-la-settimana-di-rino-la-forgia\/","title":{"rendered":"\u2026Finisse presto \/ Da Zenica a Cosenza passando per\u2026 Siracusa : la Settimana di Rino La Forgia"},"content":{"rendered":"<h5><em>\u2026FINISSE PRESTO <\/em><\/h5>\n<p><strong><em>Dramma Nazionale.<\/em><\/strong><br>D\u2019obbligo spendere due parole sulla vergognosa e terza estromissione dai mondiali. Vedrete, siamo in Italia, cambier\u00e0 tutto\u2026per non cambiare nulla. Chi ha eletto Gravina? Dimissioni, in Italia? Ma se in conferenza stampa post gara lo stesso aveva confermato Gattuso\u2026<br>Come al solito poi, d\u2019attualit\u00e0, il solito burlone aprir\u00e0 le porte alla possibilit\u00e0 che questa Italietta possa prendere il posto di qualche nazionale in disgrazia (per questioni di guerra ad esempio), cos\u00ec come poi ci sar\u00e0 la solita girandola di selfie dei nostri eroi durante le vacanze. Eroi anche perch\u00e8 hanno dovuto rinunciare al bonus qualificazione.<br>Seriamente invece si prenda esempio proprio dai bosniaci, per la loro storia, per il loro senso di appartenenza.<br>Ci sarebbe tanto, troppo da dire, ma come dice un antico detto, abbiamo il \u201cmorto in casa\u201d, conviene pensare ai fatti di casa nostra.<\/p>\n<p><strong><em><img src=\"https:\/\/www.ilfoggia.com\/wp-content\/uploads\/2026\/04\/Cosenza-Foggia-Florenzi-Staver-300x213.png\" loading=\"lazy\" class=\" wp-image-24078 alignleft\" alt width=\"418\" height=\"297\" srcset=\"https:\/\/www.ilfoggia.com\/wp-content\/uploads\/2026\/04\/Cosenza-Foggia-Florenzi-Staver-300x213.png 300w, https:\/\/www.ilfoggia.com\/wp-content\/uploads\/2026\/04\/Cosenza-Foggia-Florenzi-Staver.png 695w\" sizes=\"(max-width: 418px) 100vw, 418px\"><\/em><\/strong><\/p><noscript><img loading=\"lazy\" class=\" wp-image-24078 alignleft\" src=\"https:\/\/www.ilfoggia.com\/wp-content\/uploads\/2026\/04\/Cosenza-Foggia-Florenzi-Staver-300x213.png\" alt width=\"418\" height=\"297\" srcset=\"https:\/\/www.ilfoggia.com\/wp-content\/uploads\/2026\/04\/Cosenza-Foggia-Florenzi-Staver-300x213.png 300w, https:\/\/www.ilfoggia.com\/wp-content\/uploads\/2026\/04\/Cosenza-Foggia-Florenzi-Staver.png 695w\" sizes=\"(max-width: 418px) 100vw, 418px\"><\/noscript>Cosenza-Foggia.<br>Descrivere questa partita risulta per certi versi un\u2019impresa, poich\u00e8 non puoi dire di un ottimo Foggia, cos\u00ec come non puoi dire che andrebbe tutto nella indifferenziata.<br>Sulla carta era una partita chiusa ancor prima di iniziare, considerando le posizioni in classifica, i punti di distacco, i valori in campo ed un periodo estremamente favorevole circa la stato di forma della squadra calabrese. C\u2019\u00e8 da dire poi che da una squadra a trazione anteriore abbiamo \u201csolo\u201d subito una rete. C\u2019\u00e8 che questa differenza in campo non \u00e8 stata tanto notata. C\u2019\u00e8 da dire che ci \u00e8 piaciuto il pressing sui difensori avversari in fase di costruzione.<br>Il rovescio della medaglia \u00e8 che per\u00f2 abbiamo subito una rete che neppure nei tornei parrocchiali\u2026 Che nonostante una difesa avversaria a tratti superficiale, non siamo stati capaci di poter dare un voto al portiere calabrese causa inoperosit\u00e0. Lo sanno i nostri che se si raggiungono i play bisogner\u00e0 segnare?\n<p><em><strong>Arbitro.<\/strong><\/em><br>Se ci attacchiamo all\u2019unico episodio, a pochi secondi dalla fine, su cui possiamo rivendicare qualcosa, significa che non abbiamo capito nulla.<br>Vero, come dice Casillo, che dobbiamo attaccarci agli episodi, ma pu\u00f2 giustificare il meritarsi un risultato positivo? Poi \u00e8 chiaro che se un arbitro sorvola pure su un episodio determinante\u2026 Tra l\u2019altro se vogliamo, pi\u00f9 che l\u2019episodio incriminato io mi soffermerei invece sul rigore assegnato ai calabresi, che a nostro modo di vedere risulta regalato e nonostante l\u2019ausilio di quella cosa inutile e dannosa del Fvs. Ecco, sul 2 a 0 non avresti avuto modo neppure di recriminare.<\/p>\n<p><strong><em>La Squadra.<img src=\"https:\/\/www.ilfoggia.com\/wp-content\/uploads\/2026\/02\/IMG_6207-300x200.jpg\" loading=\"lazy\" class=\" wp-image-23957 alignright\" alt width=\"409\" height=\"272\" srcset=\"https:\/\/www.ilfoggia.com\/wp-content\/uploads\/2026\/02\/IMG_6207-300x200.jpg 300w, https:\/\/www.ilfoggia.com\/wp-content\/uploads\/2026\/02\/IMG_6207-1024x683.jpg 1024w, https:\/\/www.ilfoggia.com\/wp-content\/uploads\/2026\/02\/IMG_6207-768x512.jpg 768w, https:\/\/www.ilfoggia.com\/wp-content\/uploads\/2026\/02\/IMG_6207-1536x1024.jpg 1536w, https:\/\/www.ilfoggia.com\/wp-content\/uploads\/2026\/02\/IMG_6207-2048x1365.jpg 2048w\" sizes=\"(max-width: 409px) 100vw, 409px\"><\/em><\/strong><\/p><noscript><img loading=\"lazy\" class=\" wp-image-23957 alignright\" src=\"https:\/\/www.ilfoggia.com\/wp-content\/uploads\/2026\/02\/IMG_6207-300x200.jpg\" alt width=\"409\" height=\"272\" srcset=\"https:\/\/www.ilfoggia.com\/wp-content\/uploads\/2026\/02\/IMG_6207-300x200.jpg 300w, https:\/\/www.ilfoggia.com\/wp-content\/uploads\/2026\/02\/IMG_6207-1024x683.jpg 1024w, https:\/\/www.ilfoggia.com\/wp-content\/uploads\/2026\/02\/IMG_6207-768x512.jpg 768w, https:\/\/www.ilfoggia.com\/wp-content\/uploads\/2026\/02\/IMG_6207-1536x1024.jpg 1536w, https:\/\/www.ilfoggia.com\/wp-content\/uploads\/2026\/02\/IMG_6207-2048x1365.jpg 2048w\" sizes=\"(max-width: 409px) 100vw, 409px\"><\/noscript><br>Spiace dirlo ma non so fino a che punto ci sia unione di intenti. Ci\u00f2 che rileviamo, pur non essendo addetti ai lavori, che coloro che avrebbero dovuto alzare la qualit\u00e0 del gioco, sono perfetti fantasmi. Viceversa altri, chi provenienti dalla D, chi finora non ha reclamato un posto in squadra, si stanno invece dimostrando elementi positivi. Fare nomi \u00e8 antipatico, ma le partite le guardiamo tutti.\n<p><em><strong>Futuro.<\/strong><\/em><br>Non sappiamo come andr\u00e0 a finire, ma speriamo<em> finisca presto<\/em>. Intanto dietro l\u2019angolo c\u2019\u00e8 uno sventurato Siracusa che per\u00f2 sta facendo il suo nonostante tutto. Saranno in grado i nostri di non perdere partita e faccia?<\/p>\n<p><em>Rino La Forgia<\/em><\/p>\n<p>RIPRODUZIONE RISERVATA<\/p>\n\t\t<p><strong><a href=\"https:\/\/blockads.fivefilters.org\/\">Adblock test<\/a><\/strong> <a href=\"https:\/\/blockads.fivefilters.org\/acceptable.html\">(Why?)<\/a><\/p>","protected":false},"excerpt":{"rendered":"<p>\u2026FINISSE PRESTO<br \/>\nDramma Nazionale.D\u2019obbligo spendere due parole sulla vergognosa e terza estromissione dai mondiali. Vedrete, siamo in Italia, cambier\u00e0 tutto\u2026per non cambiare nulla. Chi ha eletto Gravina? Dimissioni, in Italia? Ma se in conferenza stam&#8230;<\/p>\n","protected":false},"author":4,"featured_media":0,"comment_status":"closed","ping_status":"closed","sticky":false,"template":"","format":"standard","meta":{"footnotes":""},"categories":[379,380,170],"tags":[134],"class_list":["post-11438","post","type-post","status-publish","format-standard","hentry","category-cosenza-foggia","category-nazionale-italiana","category-news","tag-foggia"],"yoast_head":"<!-- This site is optimized with the Yoast SEO plugin v27.4 - https:\/\/yoast.com\/product\/yoast-seo-wordpress\/ -->\n<title>\u2026Finisse presto \/ Da Zenica a Cosenza passando per\u2026 Siracusa : la Settimana di Rino La Forgia<\/title>\n<meta name=\"robots\" content=\"index, follow, max-snippet:-1, max-image-preview:large, max-video-preview:-1\" \/>\n<link rel=\"canonical\" href=\"https:\/\/tifomania.store\/en\/finisse-presto-da-zenica-a-cosenza-passando-per-siracusa-la-settimana-di-rino-la-forgia\/\" \/>\n<meta property=\"og:locale\" content=\"en_US\" \/>\n<meta property=\"og:type\" content=\"article\" \/>\n<meta property=\"og:title\" content=\"\u2026Finisse presto \/ Da Zenica a Cosenza passando per\u2026 Siracusa : la Settimana di Rino La Forgia\" \/>\n<meta property=\"og:description\" content=\"\u2026FINISSE PRESTO Dramma Nazionale.D\u2019obbligo spendere due parole sulla vergognosa e terza estromissione dai mondiali. Vedrete, siamo in Italia, cambier\u00e0 tutto\u2026per non cambiare nulla. Chi ha eletto Gravina? Dimissioni, in Italia? Ma se in conferenza stam...\" \/>\n<meta property=\"og:url\" content=\"https:\/\/tifomania.store\/en\/finisse-presto-da-zenica-a-cosenza-passando-per-siracusa-la-settimana-di-rino-la-forgia\/\" \/>\n<meta property=\"og:site_name\" content=\"Tifomania\" \/>\n<meta property=\"article:published_time\" content=\"2026-04-08T15:07:02+00:00\" \/>\n<meta name=\"author\" content=\"ILFG\" \/>\n<meta name=\"twitter:card\" content=\"summary_large_image\" \/>\n<meta name=\"twitter:label1\" content=\"Written by\" \/>\n\t<meta name=\"twitter:data1\" content=\"ILFG\" \/>\n\t<meta name=\"twitter:label2\" content=\"Est. reading time\" \/>\n\t<meta name=\"twitter:data2\" content=\"3 minutes\" \/>\n<script type=\"application\/ld+json\" class=\"yoast-schema-graph\">{\"@context\":\"https:\\\/\\\/schema.org\",\"@graph\":[{\"@type\":\"Article\",\"@id\":\"https:\\\/\\\/tifomania.store\\\/es\\\/finisse-presto-da-zenica-a-cosenza-passando-per-siracusa-la-settimana-di-rino-la-forgia\\\/#article\",\"isPartOf\":{\"@id\":\"https:\\\/\\\/tifomania.store\\\/es\\\/finisse-presto-da-zenica-a-cosenza-passando-per-siracusa-la-settimana-di-rino-la-forgia\\\/\"},\"author\":{\"name\":\"ILFG\",\"@id\":\"https:\\\/\\\/tifomania.store\\\/#\\\/schema\\\/person\\\/bda9e3a7b04e8c6e629c91b8370ec54d\"},\"headline\":\"\u2026Finisse presto \\\/ Da Zenica a Cosenza passando per\u2026 Siracusa : la Settimana di Rino La Forgia\",\"datePublished\":\"2026-04-08T15:07:02+00:00\",\"mainEntityOfPage\":{\"@id\":\"https:\\\/\\\/tifomania.store\\\/es\\\/finisse-presto-da-zenica-a-cosenza-passando-per-siracusa-la-settimana-di-rino-la-forgia\\\/\"},\"wordCount\":528,\"image\":{\"@id\":\"https:\\\/\\\/tifomania.store\\\/es\\\/finisse-presto-da-zenica-a-cosenza-passando-per-siracusa-la-settimana-di-rino-la-forgia\\\/#primaryimage\"},\"thumbnailUrl\":\"https:\\\/\\\/www.ilfoggia.com\\\/wp-content\\\/uploads\\\/2026\\\/04\\\/Cosenza-Foggia-Florenzi-Staver-300x213.png\",\"keywords\":[\"Foggia\"],\"articleSection\":[\"Cosenza-Foggia\",\"Nazionale italiana\",\"News\"],\"inLanguage\":\"en-US\"},{\"@type\":\"WebPage\",\"@id\":\"https:\\\/\\\/tifomania.store\\\/es\\\/finisse-presto-da-zenica-a-cosenza-passando-per-siracusa-la-settimana-di-rino-la-forgia\\\/\",\"url\":\"https:\\\/\\\/tifomania.store\\\/es\\\/finisse-presto-da-zenica-a-cosenza-passando-per-siracusa-la-settimana-di-rino-la-forgia\\\/\",\"name\":\"\u2026Finisse presto \\\/ Da Zenica a Cosenza passando per\u2026 Siracusa : la Settimana di Rino La Forgia\",\"isPartOf\":{\"@id\":\"https:\\\/\\\/tifomania.store\\\/#website\"},\"primaryImageOfPage\":{\"@id\":\"https:\\\/\\\/tifomania.store\\\/es\\\/finisse-presto-da-zenica-a-cosenza-passando-per-siracusa-la-settimana-di-rino-la-forgia\\\/#primaryimage\"},\"image\":{\"@id\":\"https:\\\/\\\/tifomania.store\\\/es\\\/finisse-presto-da-zenica-a-cosenza-passando-per-siracusa-la-settimana-di-rino-la-forgia\\\/#primaryimage\"},\"thumbnailUrl\":\"https:\\\/\\\/www.ilfoggia.com\\\/wp-content\\\/uploads\\\/2026\\\/04\\\/Cosenza-Foggia-Florenzi-Staver-300x213.png\",\"datePublished\":\"2026-04-08T15:07:02+00:00\",\"author\":{\"@id\":\"https:\\\/\\\/tifomania.store\\\/#\\\/schema\\\/person\\\/bda9e3a7b04e8c6e629c91b8370ec54d\"},\"breadcrumb\":{\"@id\":\"https:\\\/\\\/tifomania.store\\\/es\\\/finisse-presto-da-zenica-a-cosenza-passando-per-siracusa-la-settimana-di-rino-la-forgia\\\/#breadcrumb\"},\"inLanguage\":\"en-US\",\"potentialAction\":[{\"@type\":\"ReadAction\",\"target\":[\"https:\\\/\\\/tifomania.store\\\/es\\\/finisse-presto-da-zenica-a-cosenza-passando-per-siracusa-la-settimana-di-rino-la-forgia\\\/\"]}]},{\"@type\":\"ImageObject\",\"inLanguage\":\"en-US\",\"@id\":\"https:\\\/\\\/tifomania.store\\\/es\\\/finisse-presto-da-zenica-a-cosenza-passando-per-siracusa-la-settimana-di-rino-la-forgia\\\/#primaryimage\",\"url\":\"https:\\\/\\\/www.ilfoggia.com\\\/wp-content\\\/uploads\\\/2026\\\/04\\\/Cosenza-Foggia-Florenzi-Staver-300x213.png\",\"contentUrl\":\"https:\\\/\\\/www.ilfoggia.com\\\/wp-content\\\/uploads\\\/2026\\\/04\\\/Cosenza-Foggia-Florenzi-Staver-300x213.png\"},{\"@type\":\"BreadcrumbList\",\"@id\":\"https:\\\/\\\/tifomania.store\\\/es\\\/finisse-presto-da-zenica-a-cosenza-passando-per-siracusa-la-settimana-di-rino-la-forgia\\\/#breadcrumb\",\"itemListElement\":[{\"@type\":\"ListItem\",\"position\":1,\"name\":\"Home\",\"item\":\"https:\\\/\\\/tifomania.store\\\/en\\\/\"},{\"@type\":\"ListItem\",\"position\":2,\"name\":\"\u2026Finisse presto \\\/ Da Zenica a Cosenza passando per\u2026 Siracusa : la Settimana di Rino La Forgia\"}]},{\"@type\":\"WebSite\",\"@id\":\"https:\\\/\\\/tifomania.store\\\/#website\",\"url\":\"https:\\\/\\\/tifomania.store\\\/\",\"name\":\"Tifomania\",\"description\":\"Where Passion Becomes Play\",\"potentialAction\":[{\"@type\":\"SearchAction\",\"target\":{\"@type\":\"EntryPoint\",\"urlTemplate\":\"https:\\\/\\\/tifomania.store\\\/?s={search_term_string}\"},\"query-input\":{\"@type\":\"PropertyValueSpecification\",\"valueRequired\":true,\"valueName\":\"search_term_string\"}}],\"inLanguage\":\"en-US\"},{\"@type\":\"Person\",\"@id\":\"https:\\\/\\\/tifomania.store\\\/#\\\/schema\\\/person\\\/bda9e3a7b04e8c6e629c91b8370ec54d\",\"name\":\"ILFG\",\"image\":{\"@type\":\"ImageObject\",\"inLanguage\":\"en-US\",\"@id\":\"https:\\\/\\\/secure.gravatar.com\\\/avatar\\\/d7576f3359e02575a71807ba15ab8c105c7b5c36e8f5c7fac6eda23cbc7f13d0?s=96&d=mm&r=g\",\"url\":\"https:\\\/\\\/secure.gravatar.com\\\/avatar\\\/d7576f3359e02575a71807ba15ab8c105c7b5c36e8f5c7fac6eda23cbc7f13d0?s=96&d=mm&r=g\",\"contentUrl\":\"https:\\\/\\\/secure.gravatar.com\\\/avatar\\\/d7576f3359e02575a71807ba15ab8c105c7b5c36e8f5c7fac6eda23cbc7f13d0?s=96&d=mm&r=g\",\"caption\":\"ILFG\"},\"url\":\"https:\\\/\\\/tifomania.store\\\/en\\\/author\\\/ilfg\\\/\"}]}<\/script>\n<!-- \/ Yoast SEO plugin. -->","yoast_head_json":{"title":"\u2026Finisse presto \/ Da Zenica a Cosenza passando per\u2026 Siracusa : la Settimana di Rino La Forgia","robots":{"index":"index","follow":"follow","max-snippet":"max-snippet:-1","max-image-preview":"max-image-preview:large","max-video-preview":"max-video-preview:-1"},"canonical":"https:\/\/tifomania.store\/en\/finisse-presto-da-zenica-a-cosenza-passando-per-siracusa-la-settimana-di-rino-la-forgia\/","og_locale":"en_US","og_type":"article","og_title":"\u2026Finisse presto \/ Da Zenica a Cosenza passando per\u2026 Siracusa : la Settimana di Rino La Forgia","og_description":"\u2026FINISSE PRESTO Dramma Nazionale.D\u2019obbligo spendere due parole sulla vergognosa e terza estromissione dai mondiali. Vedrete, siamo in Italia, cambier\u00e0 tutto\u2026per non cambiare nulla. Chi ha eletto Gravina? Dimissioni, in Italia? Ma se in conferenza stam...","og_url":"https:\/\/tifomania.store\/en\/finisse-presto-da-zenica-a-cosenza-passando-per-siracusa-la-settimana-di-rino-la-forgia\/","og_site_name":"Tifomania","article_published_time":"2026-04-08T15:07:02+00:00","author":"ILFG","twitter_card":"summary_large_image","twitter_misc":{"Written by":"ILFG","Est. reading time":"3 minutes"},"schema":{"@context":"https:\/\/schema.org","@graph":[{"@type":"Article","@id":"https:\/\/tifomania.store\/es\/finisse-presto-da-zenica-a-cosenza-passando-per-siracusa-la-settimana-di-rino-la-forgia\/#article","isPartOf":{"@id":"https:\/\/tifomania.store\/es\/finisse-presto-da-zenica-a-cosenza-passando-per-siracusa-la-settimana-di-rino-la-forgia\/"},"author":{"name":"ILFG","@id":"https:\/\/tifomania.store\/#\/schema\/person\/bda9e3a7b04e8c6e629c91b8370ec54d"},"headline":"\u2026Finisse presto \/ Da Zenica a Cosenza passando per\u2026 Siracusa : la Settimana di Rino La Forgia","datePublished":"2026-04-08T15:07:02+00:00","mainEntityOfPage":{"@id":"https:\/\/tifomania.store\/es\/finisse-presto-da-zenica-a-cosenza-passando-per-siracusa-la-settimana-di-rino-la-forgia\/"},"wordCount":528,"image":{"@id":"https:\/\/tifomania.store\/es\/finisse-presto-da-zenica-a-cosenza-passando-per-siracusa-la-settimana-di-rino-la-forgia\/#primaryimage"},"thumbnailUrl":"https:\/\/www.ilfoggia.com\/wp-content\/uploads\/2026\/04\/Cosenza-Foggia-Florenzi-Staver-300x213.png","keywords":["Foggia"],"articleSection":["Cosenza-Foggia","Nazionale italiana","News"],"inLanguage":"en-US"},{"@type":"WebPage","@id":"https:\/\/tifomania.store\/es\/finisse-presto-da-zenica-a-cosenza-passando-per-siracusa-la-settimana-di-rino-la-forgia\/","url":"https:\/\/tifomania.store\/es\/finisse-presto-da-zenica-a-cosenza-passando-per-siracusa-la-settimana-di-rino-la-forgia\/","name":"\u2026Finisse presto \/ Da Zenica a Cosenza passando per\u2026 Siracusa : la Settimana di Rino La Forgia","isPartOf":{"@id":"https:\/\/tifomania.store\/#website"},"primaryImageOfPage":{"@id":"https:\/\/tifomania.store\/es\/finisse-presto-da-zenica-a-cosenza-passando-per-siracusa-la-settimana-di-rino-la-forgia\/#primaryimage"},"image":{"@id":"https:\/\/tifomania.store\/es\/finisse-presto-da-zenica-a-cosenza-passando-per-siracusa-la-settimana-di-rino-la-forgia\/#primaryimage"},"thumbnailUrl":"https:\/\/www.ilfoggia.com\/wp-content\/uploads\/2026\/04\/Cosenza-Foggia-Florenzi-Staver-300x213.png","datePublished":"2026-04-08T15:07:02+00:00","author":{"@id":"https:\/\/tifomania.store\/#\/schema\/person\/bda9e3a7b04e8c6e629c91b8370ec54d"},"breadcrumb":{"@id":"https:\/\/tifomania.store\/es\/finisse-presto-da-zenica-a-cosenza-passando-per-siracusa-la-settimana-di-rino-la-forgia\/#breadcrumb"},"inLanguage":"en-US","potentialAction":[{"@type":"ReadAction","target":["https:\/\/tifomania.store\/es\/finisse-presto-da-zenica-a-cosenza-passando-per-siracusa-la-settimana-di-rino-la-forgia\/"]}]},{"@type":"ImageObject","inLanguage":"en-US","@id":"https:\/\/tifomania.store\/es\/finisse-presto-da-zenica-a-cosenza-passando-per-siracusa-la-settimana-di-rino-la-forgia\/#primaryimage","url":"https:\/\/www.ilfoggia.com\/wp-content\/uploads\/2026\/04\/Cosenza-Foggia-Florenzi-Staver-300x213.png","contentUrl":"https:\/\/www.ilfoggia.com\/wp-content\/uploads\/2026\/04\/Cosenza-Foggia-Florenzi-Staver-300x213.png"},{"@type":"BreadcrumbList","@id":"https:\/\/tifomania.store\/es\/finisse-presto-da-zenica-a-cosenza-passando-per-siracusa-la-settimana-di-rino-la-forgia\/#breadcrumb","itemListElement":[{"@type":"ListItem","position":1,"name":"Home","item":"https:\/\/tifomania.store\/en\/"},{"@type":"ListItem","position":2,"name":"\u2026Finisse presto \/ Da Zenica a Cosenza passando per\u2026 Siracusa : la Settimana di Rino La Forgia"}]},{"@type":"WebSite","@id":"https:\/\/tifomania.store\/#website","url":"https:\/\/tifomania.store\/","name":"Tifomania","description":"Where Passion Becomes Play","potentialAction":[{"@type":"SearchAction","target":{"@type":"EntryPoint","urlTemplate":"https:\/\/tifomania.store\/?s={search_term_string}"},"query-input":{"@type":"PropertyValueSpecification","valueRequired":true,"valueName":"search_term_string"}}],"inLanguage":"en-US"},{"@type":"Person","@id":"https:\/\/tifomania.store\/#\/schema\/person\/bda9e3a7b04e8c6e629c91b8370ec54d","name":"ILFG","image":{"@type":"ImageObject","inLanguage":"en-US","@id":"https:\/\/secure.gravatar.com\/avatar\/d7576f3359e02575a71807ba15ab8c105c7b5c36e8f5c7fac6eda23cbc7f13d0?s=96&d=mm&r=g","url":"https:\/\/secure.gravatar.com\/avatar\/d7576f3359e02575a71807ba15ab8c105c7b5c36e8f5c7fac6eda23cbc7f13d0?s=96&d=mm&r=g","contentUrl":"https:\/\/secure.gravatar.com\/avatar\/d7576f3359e02575a71807ba15ab8c105c7b5c36e8f5c7fac6eda23cbc7f13d0?s=96&d=mm&r=g","caption":"ILFG"},"url":"https:\/\/tifomania.store\/en\/author\/ilfg\/"}]}},"_links":{"self":[{"href":"https:\/\/tifomania.store\/en\/wp-json\/wp\/v2\/posts\/11438","targetHints":{"allow":["GET"]}}],"collection":[{"href":"https:\/\/tifomania.store\/en\/wp-json\/wp\/v2\/posts"}],"about":[{"href":"https:\/\/tifomania.store\/en\/wp-json\/wp\/v2\/types\/post"}],"author":[{"embeddable":true,"href":"https:\/\/tifomania.store\/en\/wp-json\/wp\/v2\/users\/4"}],"replies":[{"embeddable":true,"href":"https:\/\/tifomania.store\/en\/wp-json\/wp\/v2\/comments?post=11438"}],"version-history":[{"count":1,"href":"https:\/\/tifomania.store\/en\/wp-json\/wp\/v2\/posts\/11438\/revisions"}],"predecessor-version":[{"id":11439,"href":"https:\/\/tifomania.store\/en\/wp-json\/wp\/v2\/posts\/11438\/revisions\/11439"}],"wp:attachment":[{"href":"https:\/\/tifomania.store\/en\/wp-json\/wp\/v2\/media?parent=11438"}],"wp:term":[{"taxonomy":"category","embeddable":true,"href":"https:\/\/tifomania.store\/en\/wp-json\/wp\/v2\/categories?post=11438"},{"taxonomy":"post_tag","embeddable":true,"href":"https:\/\/tifomania.store\/en\/wp-json\/wp\/v2\/tags?post=11438"}],"curies":[{"name":"wp","href":"https:\/\/api.w.org\/{rel}","templated":true}]}}