{"id":11428,"date":"2026-03-26T14:29:35","date_gmt":"2026-03-26T14:29:35","guid":{"rendered":"https:\/\/www.ilfoggia.com\/?p=24067"},"modified":"2026-03-26T14:29:35","modified_gmt":"2026-03-26T14:29:35","slug":"sentenza-tfn-il-foggia-non-e-piu-ultimo-siracusa-di-nuovo-penalizzato","status":"publish","type":"post","link":"https:\/\/tifomania.store\/es\/sentenza-tfn-il-foggia-non-e-piu-ultimo-siracusa-di-nuovo-penalizzato\/","title":{"rendered":"Sentencia TFN, el Foggia no es el \u00faltimo: Siracusa di nuovo penalizzato"},"content":{"rendered":"<div><img src=\"https:\/\/www.ilfoggia.com\/wp-content\/uploads\/2026\/03\/giustizia-sportiva-TFN-Tribunale-Federale-Nazionale.jpg\" class=\"ff-og-image-inserted\"><\/div><p>En&nbsp;<strong>Foggia <\/strong>Lascia l'ultimo posto in classifica. No, purtroppo, per quanto successo sul campo, ma per la nuova sentenza emanata dall'organo di giustizia sportivo. il Tribunale Federale Nazionale ha inflitto oggi una<strong> penalizaci\u00f3n de cinco puntos en Siracusa<\/strong>. El \u00f3rgano se ha expresado p\u00fablicamente con motivo del aplazamiento del pasado 5 de marzo: el&nbsp;<strong>Siracusa&nbsp;<\/strong>(como tambi\u00e9n el <strong>Trapani<\/strong>, (de la que formamos parte) ha sido condenado por el Tribunal por no haber facilitado, dentro del plazo del 16 de febrero de 2026, el pago de las contribuciones Inps y de las rentas Irpef correspondientes a los meses de noviembre y diciembre de 2025. Il club aretuseo \u00e8 stato punito per non aver rispettato la scadenza e termina dunque <strong>in fondo alla classificazione<\/strong> con <strong>22 puntos<\/strong>, uno in meno rispetto al Foggia. Para el presidente&nbsp;<strong>Alessandro Ricci<\/strong>, a su vez aplazado por responsabilidad directa, llegan setenta meses de inhabilitaci\u00f3n. Teniendo en cuenta las 6 sanciones ya impuestas con anterioridad (pago indebido de estipendios y contribuciones del per\u00edodo septiembre\/octubre de 2025 durante la suspensi\u00f3n de pagos del 16 de diciembre pasado), ahora son 11 las sanciones totales impuestas a la escuadra de <strong>Turati<\/strong>Sin penalizaci\u00f3n, los azzurri ser\u00e1n los \u00faltimos cinco, un punto por encima del Picerno.<\/p>\n<div class=\"code-block code-block-1\">\n<div class=\"gptslot\" data-adunitid=\"7\">\n<div id=\"gpt-slot-1_7\" data-google-query-id=\"CJ73n8TcvZMDFc6JgwcdZV47WQ\">\n\n<\/div>\n<\/div>\n<\/div>\n<p>El TFN siempre se ha mostrado te\u00f3ricamente partidario de debatir el caso durante los \u00faltimos d\u00edas. <strong>Trapani<\/strong>, como se ha dicho, aplazado por no haber respetado en su momento la media sanci\u00f3n del pasado 16 de febrero. Sin embargo, el sorteo no se ha producido como estaba previsto.<strong> l'istanza di rinvio al 31 marzo<\/strong>la motivaci\u00f3n est\u00e1 relacionada con el proceso de segundo grado relativo a la sanci\u00f3n del 16 de diciembre, que dio lugar a una penalizaci\u00f3n de cinco puntos y que se celebrar\u00e1 el d\u00eda anterior, <strong>luned\u00ec 30 marzo<\/strong>. La<strong> Procura Federale<\/strong> ha apelado a la decisi\u00f3n del TFN y ha rechazado la solicitud de <strong>esclusione dal campionato <\/strong>a cargo de la sociedad de <strong>Valerio Antonini<\/strong>. Una eventualidad que supondr\u00eda un verdadero terremoto en la clasificaci\u00f3n, con la anulaci\u00f3n de todos los puntos conseguidos contra la escuadra granata.<\/p>\n<p>Ma, intanto domenica a Foggia si gioca: proprio contro il Trapani. Una gara che resta uno <strong>scontro diretto fondamentale<\/strong> que, en cualquier caso y sin pensar en lo que podr\u00eda suceder al indio, <strong>resta da vincere<\/strong>.<\/p>\n<p><em>Giancarlo Pugliese<\/em><\/p>\n<p>RIPRODUZIONE RISERVATA<\/p>\n\t\t<p><strong><a href=\"https:\/\/blockads.fivefilters.org\/\">Prueba Adblock<\/a><\/strong> <a href=\"https:\/\/blockads.fivefilters.org\/acceptable.html\">(\u00bfPor qu\u00e9?)<\/a><\/p>","protected":false},"excerpt":{"rendered":"<p>Il&nbsp;Foggia lascia l\u2019ultimo posto in classifica. Non, purtroppo, per quanto successo sul campo, ma per la nuova sentenza emanata dall\u2019organo di giustizia sportivo. il Tribunale Federale Nazionale ha inflitto oggi una penalizzazione di cinque punti a&#8230;<\/p>","protected":false},"author":4,"featured_media":0,"comment_status":"closed","ping_status":"closed","sticky":false,"template":"","format":"standard","meta":{"footnotes":""},"categories":[375,170,376,377,378],"tags":[134],"class_list":["post-11428","post","type-post","status-publish","format-standard","hentry","category-foggia-trapani","category-news","category-sentenza-tfn","category-siracusa","category-trapani","tag-foggia"],"yoast_head":"<!-- This site is optimized with the Yoast SEO plugin v27.4 - https:\/\/yoast.com\/product\/yoast-seo-wordpress\/ -->\n<title>Sentenza TFN, il Foggia non \u00e8 pi\u00f9 ultimo: Siracusa di nuovo penalizzato<\/title>\n<meta name=\"robots\" content=\"index, follow, max-snippet:-1, max-image-preview:large, max-video-preview:-1\" \/>\n<link rel=\"canonical\" href=\"https:\/\/tifomania.store\/es\/sentenza-tfn-il-foggia-non-e-piu-ultimo-siracusa-di-nuovo-penalizzato\/\" \/>\n<meta property=\"og:locale\" content=\"es_ES\" \/>\n<meta property=\"og:type\" content=\"article\" \/>\n<meta property=\"og:title\" content=\"Sentenza TFN, il Foggia non \u00e8 pi\u00f9 ultimo: Siracusa di nuovo penalizzato\" \/>\n<meta property=\"og:description\" content=\"Il&nbsp;Foggia lascia l\u2019ultimo posto in classifica. Non, purtroppo, per quanto successo sul campo, ma per la nuova sentenza emanata dall\u2019organo di giustizia sportivo. il Tribunale Federale Nazionale ha inflitto oggi una penalizzazione di cinque punti a...\" \/>\n<meta property=\"og:url\" content=\"https:\/\/tifomania.store\/es\/sentenza-tfn-il-foggia-non-e-piu-ultimo-siracusa-di-nuovo-penalizzato\/\" \/>\n<meta property=\"og:site_name\" content=\"Tifomania\" \/>\n<meta property=\"article:published_time\" content=\"2026-03-26T14:29:35+00:00\" \/>\n<meta property=\"og:image\" content=\"https:\/\/www.ilfoggia.com\/wp-content\/uploads\/2026\/03\/giustizia-sportiva-TFN-Tribunale-Federale-Nazionale.jpg\" \/>\n<meta name=\"author\" content=\"ILFG\" \/>\n<meta name=\"twitter:card\" content=\"summary_large_image\" \/>\n<meta name=\"twitter:label1\" content=\"Escrito por\" \/>\n\t<meta name=\"twitter:data1\" content=\"ILFG\" \/>\n\t<meta name=\"twitter:label2\" content=\"Tiempo de lectura\" \/>\n\t<meta name=\"twitter:data2\" content=\"2 minutos\" \/>\n<script type=\"application\/ld+json\" class=\"yoast-schema-graph\">{\"@context\":\"https:\\\/\\\/schema.org\",\"@graph\":[{\"@type\":\"Article\",\"@id\":\"https:\\\/\\\/tifomania.store\\\/en\\\/sentenza-tfn-il-foggia-non-e-piu-ultimo-siracusa-di-nuovo-penalizzato\\\/#article\",\"isPartOf\":{\"@id\":\"https:\\\/\\\/tifomania.store\\\/en\\\/sentenza-tfn-il-foggia-non-e-piu-ultimo-siracusa-di-nuovo-penalizzato\\\/\"},\"author\":{\"name\":\"ILFG\",\"@id\":\"https:\\\/\\\/tifomania.store\\\/#\\\/schema\\\/person\\\/bda9e3a7b04e8c6e629c91b8370ec54d\"},\"headline\":\"Sentenza TFN, il Foggia non \u00e8 pi\u00f9 ultimo: Siracusa di nuovo penalizzato\",\"datePublished\":\"2026-03-26T14:29:35+00:00\",\"mainEntityOfPage\":{\"@id\":\"https:\\\/\\\/tifomania.store\\\/en\\\/sentenza-tfn-il-foggia-non-e-piu-ultimo-siracusa-di-nuovo-penalizzato\\\/\"},\"wordCount\":368,\"image\":{\"@id\":\"https:\\\/\\\/tifomania.store\\\/en\\\/sentenza-tfn-il-foggia-non-e-piu-ultimo-siracusa-di-nuovo-penalizzato\\\/#primaryimage\"},\"thumbnailUrl\":\"https:\\\/\\\/www.ilfoggia.com\\\/wp-content\\\/uploads\\\/2026\\\/03\\\/giustizia-sportiva-TFN-Tribunale-Federale-Nazionale.jpg\",\"keywords\":[\"Foggia\"],\"articleSection\":[\"Foggia Trapani\",\"News\",\"sentenza TFN\",\"Siracusa\",\"Trapani\"],\"inLanguage\":\"es\"},{\"@type\":\"WebPage\",\"@id\":\"https:\\\/\\\/tifomania.store\\\/en\\\/sentenza-tfn-il-foggia-non-e-piu-ultimo-siracusa-di-nuovo-penalizzato\\\/\",\"url\":\"https:\\\/\\\/tifomania.store\\\/en\\\/sentenza-tfn-il-foggia-non-e-piu-ultimo-siracusa-di-nuovo-penalizzato\\\/\",\"name\":\"Sentenza TFN, il Foggia non \u00e8 pi\u00f9 ultimo: Siracusa di nuovo penalizzato\",\"isPartOf\":{\"@id\":\"https:\\\/\\\/tifomania.store\\\/#website\"},\"primaryImageOfPage\":{\"@id\":\"https:\\\/\\\/tifomania.store\\\/en\\\/sentenza-tfn-il-foggia-non-e-piu-ultimo-siracusa-di-nuovo-penalizzato\\\/#primaryimage\"},\"image\":{\"@id\":\"https:\\\/\\\/tifomania.store\\\/en\\\/sentenza-tfn-il-foggia-non-e-piu-ultimo-siracusa-di-nuovo-penalizzato\\\/#primaryimage\"},\"thumbnailUrl\":\"https:\\\/\\\/www.ilfoggia.com\\\/wp-content\\\/uploads\\\/2026\\\/03\\\/giustizia-sportiva-TFN-Tribunale-Federale-Nazionale.jpg\",\"datePublished\":\"2026-03-26T14:29:35+00:00\",\"author\":{\"@id\":\"https:\\\/\\\/tifomania.store\\\/#\\\/schema\\\/person\\\/bda9e3a7b04e8c6e629c91b8370ec54d\"},\"breadcrumb\":{\"@id\":\"https:\\\/\\\/tifomania.store\\\/en\\\/sentenza-tfn-il-foggia-non-e-piu-ultimo-siracusa-di-nuovo-penalizzato\\\/#breadcrumb\"},\"inLanguage\":\"es\",\"potentialAction\":[{\"@type\":\"ReadAction\",\"target\":[\"https:\\\/\\\/tifomania.store\\\/en\\\/sentenza-tfn-il-foggia-non-e-piu-ultimo-siracusa-di-nuovo-penalizzato\\\/\"]}]},{\"@type\":\"ImageObject\",\"inLanguage\":\"es\",\"@id\":\"https:\\\/\\\/tifomania.store\\\/en\\\/sentenza-tfn-il-foggia-non-e-piu-ultimo-siracusa-di-nuovo-penalizzato\\\/#primaryimage\",\"url\":\"https:\\\/\\\/www.ilfoggia.com\\\/wp-content\\\/uploads\\\/2026\\\/03\\\/giustizia-sportiva-TFN-Tribunale-Federale-Nazionale.jpg\",\"contentUrl\":\"https:\\\/\\\/www.ilfoggia.com\\\/wp-content\\\/uploads\\\/2026\\\/03\\\/giustizia-sportiva-TFN-Tribunale-Federale-Nazionale.jpg\"},{\"@type\":\"BreadcrumbList\",\"@id\":\"https:\\\/\\\/tifomania.store\\\/en\\\/sentenza-tfn-il-foggia-non-e-piu-ultimo-siracusa-di-nuovo-penalizzato\\\/#breadcrumb\",\"itemListElement\":[{\"@type\":\"ListItem\",\"position\":1,\"name\":\"Home\",\"item\":\"https:\\\/\\\/tifomania.store\\\/en\\\/\"},{\"@type\":\"ListItem\",\"position\":2,\"name\":\"Sentenza TFN, il Foggia non \u00e8 pi\u00f9 ultimo: Siracusa di nuovo penalizzato\"}]},{\"@type\":\"WebSite\",\"@id\":\"https:\\\/\\\/tifomania.store\\\/#website\",\"url\":\"https:\\\/\\\/tifomania.store\\\/\",\"name\":\"Tifomania\",\"description\":\"Where Passion Becomes Play\",\"potentialAction\":[{\"@type\":\"SearchAction\",\"target\":{\"@type\":\"EntryPoint\",\"urlTemplate\":\"https:\\\/\\\/tifomania.store\\\/?s={search_term_string}\"},\"query-input\":{\"@type\":\"PropertyValueSpecification\",\"valueRequired\":true,\"valueName\":\"search_term_string\"}}],\"inLanguage\":\"es\"},{\"@type\":\"Person\",\"@id\":\"https:\\\/\\\/tifomania.store\\\/#\\\/schema\\\/person\\\/bda9e3a7b04e8c6e629c91b8370ec54d\",\"name\":\"ILFG\",\"image\":{\"@type\":\"ImageObject\",\"inLanguage\":\"es\",\"@id\":\"https:\\\/\\\/secure.gravatar.com\\\/avatar\\\/d7576f3359e02575a71807ba15ab8c105c7b5c36e8f5c7fac6eda23cbc7f13d0?s=96&d=mm&r=g\",\"url\":\"https:\\\/\\\/secure.gravatar.com\\\/avatar\\\/d7576f3359e02575a71807ba15ab8c105c7b5c36e8f5c7fac6eda23cbc7f13d0?s=96&d=mm&r=g\",\"contentUrl\":\"https:\\\/\\\/secure.gravatar.com\\\/avatar\\\/d7576f3359e02575a71807ba15ab8c105c7b5c36e8f5c7fac6eda23cbc7f13d0?s=96&d=mm&r=g\",\"caption\":\"ILFG\"},\"url\":\"https:\\\/\\\/tifomania.store\\\/es\\\/author\\\/ilfg\\\/\"}]}<\/script>\n<!-- \/ Yoast SEO plugin. -->","yoast_head_json":{"title":"Sentencia TFN, el Foggia no es el \u00faltimo: Siracusa di nuovo penalizzato","robots":{"index":"index","follow":"follow","max-snippet":"max-snippet:-1","max-image-preview":"max-image-preview:large","max-video-preview":"max-video-preview:-1"},"canonical":"https:\/\/tifomania.store\/es\/sentenza-tfn-il-foggia-non-e-piu-ultimo-siracusa-di-nuovo-penalizzato\/","og_locale":"es_ES","og_type":"article","og_title":"Sentenza TFN, il Foggia non \u00e8 pi\u00f9 ultimo: Siracusa di nuovo penalizzato","og_description":"Il&nbsp;Foggia lascia l\u2019ultimo posto in classifica. Non, purtroppo, per quanto successo sul campo, ma per la nuova sentenza emanata dall\u2019organo di giustizia sportivo. il Tribunale Federale Nazionale ha inflitto oggi una penalizzazione di cinque punti a...","og_url":"https:\/\/tifomania.store\/es\/sentenza-tfn-il-foggia-non-e-piu-ultimo-siracusa-di-nuovo-penalizzato\/","og_site_name":"Tifomania","article_published_time":"2026-03-26T14:29:35+00:00","og_image":[{"url":"https:\/\/www.ilfoggia.com\/wp-content\/uploads\/2026\/03\/giustizia-sportiva-TFN-Tribunale-Federale-Nazionale.jpg","type":"","width":"","height":""}],"author":"ILFG","twitter_card":"summary_large_image","twitter_misc":{"Escrito por":"ILFG","Tiempo de lectura":"2 minutos"},"schema":{"@context":"https:\/\/schema.org","@graph":[{"@type":"Article","@id":"https:\/\/tifomania.store\/en\/sentenza-tfn-il-foggia-non-e-piu-ultimo-siracusa-di-nuovo-penalizzato\/#article","isPartOf":{"@id":"https:\/\/tifomania.store\/en\/sentenza-tfn-il-foggia-non-e-piu-ultimo-siracusa-di-nuovo-penalizzato\/"},"author":{"name":"ILFG","@id":"https:\/\/tifomania.store\/#\/schema\/person\/bda9e3a7b04e8c6e629c91b8370ec54d"},"headline":"Sentenza TFN, il Foggia non \u00e8 pi\u00f9 ultimo: Siracusa di nuovo penalizzato","datePublished":"2026-03-26T14:29:35+00:00","mainEntityOfPage":{"@id":"https:\/\/tifomania.store\/en\/sentenza-tfn-il-foggia-non-e-piu-ultimo-siracusa-di-nuovo-penalizzato\/"},"wordCount":368,"image":{"@id":"https:\/\/tifomania.store\/en\/sentenza-tfn-il-foggia-non-e-piu-ultimo-siracusa-di-nuovo-penalizzato\/#primaryimage"},"thumbnailUrl":"https:\/\/www.ilfoggia.com\/wp-content\/uploads\/2026\/03\/giustizia-sportiva-TFN-Tribunale-Federale-Nazionale.jpg","keywords":["Foggia"],"articleSection":["Foggia Trapani","News","sentenza TFN","Siracusa","Trapani"],"inLanguage":"es"},{"@type":"WebPage","@id":"https:\/\/tifomania.store\/en\/sentenza-tfn-il-foggia-non-e-piu-ultimo-siracusa-di-nuovo-penalizzato\/","url":"https:\/\/tifomania.store\/en\/sentenza-tfn-il-foggia-non-e-piu-ultimo-siracusa-di-nuovo-penalizzato\/","name":"Sentencia TFN, el Foggia no es el \u00faltimo: Siracusa di nuovo penalizzato","isPartOf":{"@id":"https:\/\/tifomania.store\/#website"},"primaryImageOfPage":{"@id":"https:\/\/tifomania.store\/en\/sentenza-tfn-il-foggia-non-e-piu-ultimo-siracusa-di-nuovo-penalizzato\/#primaryimage"},"image":{"@id":"https:\/\/tifomania.store\/en\/sentenza-tfn-il-foggia-non-e-piu-ultimo-siracusa-di-nuovo-penalizzato\/#primaryimage"},"thumbnailUrl":"https:\/\/www.ilfoggia.com\/wp-content\/uploads\/2026\/03\/giustizia-sportiva-TFN-Tribunale-Federale-Nazionale.jpg","datePublished":"2026-03-26T14:29:35+00:00","author":{"@id":"https:\/\/tifomania.store\/#\/schema\/person\/bda9e3a7b04e8c6e629c91b8370ec54d"},"breadcrumb":{"@id":"https:\/\/tifomania.store\/en\/sentenza-tfn-il-foggia-non-e-piu-ultimo-siracusa-di-nuovo-penalizzato\/#breadcrumb"},"inLanguage":"es","potentialAction":[{"@type":"ReadAction","target":["https:\/\/tifomania.store\/en\/sentenza-tfn-il-foggia-non-e-piu-ultimo-siracusa-di-nuovo-penalizzato\/"]}]},{"@type":"ImageObject","inLanguage":"es","@id":"https:\/\/tifomania.store\/en\/sentenza-tfn-il-foggia-non-e-piu-ultimo-siracusa-di-nuovo-penalizzato\/#primaryimage","url":"https:\/\/www.ilfoggia.com\/wp-content\/uploads\/2026\/03\/giustizia-sportiva-TFN-Tribunale-Federale-Nazionale.jpg","contentUrl":"https:\/\/www.ilfoggia.com\/wp-content\/uploads\/2026\/03\/giustizia-sportiva-TFN-Tribunale-Federale-Nazionale.jpg"},{"@type":"BreadcrumbList","@id":"https:\/\/tifomania.store\/en\/sentenza-tfn-il-foggia-non-e-piu-ultimo-siracusa-di-nuovo-penalizzato\/#breadcrumb","itemListElement":[{"@type":"ListItem","position":1,"name":"Home","item":"https:\/\/tifomania.store\/en\/"},{"@type":"ListItem","position":2,"name":"Sentenza TFN, il Foggia non \u00e8 pi\u00f9 ultimo: Siracusa di nuovo penalizzato"}]},{"@type":"WebSite","@id":"https:\/\/tifomania.store\/#website","url":"https:\/\/tifomania.store\/","name":"Tifoman\u00eda","description":"Donde la pasi\u00f3n se convierte en juego","potentialAction":[{"@type":"SearchAction","target":{"@type":"EntryPoint","urlTemplate":"https:\/\/tifomania.store\/?s={search_term_string}"},"query-input":{"@type":"PropertyValueSpecification","valueRequired":true,"valueName":"search_term_string"}}],"inLanguage":"es"},{"@type":"Person","@id":"https:\/\/tifomania.store\/#\/schema\/person\/bda9e3a7b04e8c6e629c91b8370ec54d","name":"ILFG","image":{"@type":"ImageObject","inLanguage":"es","@id":"https:\/\/secure.gravatar.com\/avatar\/d7576f3359e02575a71807ba15ab8c105c7b5c36e8f5c7fac6eda23cbc7f13d0?s=96&d=mm&r=g","url":"https:\/\/secure.gravatar.com\/avatar\/d7576f3359e02575a71807ba15ab8c105c7b5c36e8f5c7fac6eda23cbc7f13d0?s=96&d=mm&r=g","contentUrl":"https:\/\/secure.gravatar.com\/avatar\/d7576f3359e02575a71807ba15ab8c105c7b5c36e8f5c7fac6eda23cbc7f13d0?s=96&d=mm&r=g","caption":"ILFG"},"url":"https:\/\/tifomania.store\/es\/author\/ilfg\/"}]}},"_links":{"self":[{"href":"https:\/\/tifomania.store\/es\/wp-json\/wp\/v2\/posts\/11428","targetHints":{"allow":["GET"]}}],"collection":[{"href":"https:\/\/tifomania.store\/es\/wp-json\/wp\/v2\/posts"}],"about":[{"href":"https:\/\/tifomania.store\/es\/wp-json\/wp\/v2\/types\/post"}],"author":[{"embeddable":true,"href":"https:\/\/tifomania.store\/es\/wp-json\/wp\/v2\/users\/4"}],"replies":[{"embeddable":true,"href":"https:\/\/tifomania.store\/es\/wp-json\/wp\/v2\/comments?post=11428"}],"version-history":[{"count":1,"href":"https:\/\/tifomania.store\/es\/wp-json\/wp\/v2\/posts\/11428\/revisions"}],"predecessor-version":[{"id":11429,"href":"https:\/\/tifomania.store\/es\/wp-json\/wp\/v2\/posts\/11428\/revisions\/11429"}],"wp:attachment":[{"href":"https:\/\/tifomania.store\/es\/wp-json\/wp\/v2\/media?parent=11428"}],"wp:term":[{"taxonomy":"category","embeddable":true,"href":"https:\/\/tifomania.store\/es\/wp-json\/wp\/v2\/categories?post=11428"},{"taxonomy":"post_tag","embeddable":true,"href":"https:\/\/tifomania.store\/es\/wp-json\/wp\/v2\/tags?post=11428"}],"curies":[{"name":"wp","href":"https:\/\/api.w.org\/{rel}","templated":true}]}}