{"id":11438,"date":"2026-04-08T15:07:02","date_gmt":"2026-04-08T15:07:02","guid":{"rendered":"https:\/\/www.ilfoggia.com\/?p=24074"},"modified":"2026-04-08T15:07:02","modified_gmt":"2026-04-08T15:07:02","slug":"finisse-presto-da-zenica-a-cosenza-passando-per-siracusa-la-settimana-di-rino-la-forgia","status":"publish","type":"post","link":"https:\/\/tifomania.store\/es\/finisse-presto-da-zenica-a-cosenza-passando-per-siracusa-la-settimana-di-rino-la-forgia\/","title":{"rendered":"\u2026Termine pronto \/ De Zenica a Cosenza pasando por\u2026 Siracusa: la Semana de Rino La Forgia"},"content":{"rendered":"<h5><em>\u2026SE ACABE PRONTO <\/em><\/h5>\n<p><strong><em>Drama Nacional.<\/em><\/strong><br>Es obligatorio decir un par de palabras sobre la vergonzosa y tercera eliminaci\u00f3n del Mundial. Ver\u00e1n, estamos en Italia, todo cambiar\u00e1... para no cambiar nada. \u00bfQui\u00e9n eligi\u00f3 a Gravina? \u00bfRenuncias, en Italia? Pero si en la rueda de prensa posterior al partido el mismo Gattuso lo hab\u00eda confirmado...<br>Como de costumbre, en la actualidad, el bromista habitual abrir\u00e1 la puerta a la posibilidad de que esta \"peque\u00f1a Italia\" pueda ocupar el lugar de alguna selecci\u00f3n desafortunada (por cuestiones de guerra, por ejemplo), al igual que luego habr\u00e1 el habitual torbellino de selfies de nuestros h\u00e9roes durante las vacaciones. H\u00e9roes tambi\u00e9n porque tuvieron que renunciar al bono de clasificaci\u00f3n.<br>Seriamente en cambio, t\u00f3mese ejemplo precisamente de los bosnios, por su historia, por su sentido de pertenencia.<br>Habr\u00eda mucho, demasiado que decir, pero como dice un antiguo dicho, tenemos el \u201cmuerto en casa\u201d, conviene pensar en los asuntos de nuestra propia casa.<\/p>\n<p><strong><em><img src=\"https:\/\/www.ilfoggia.com\/wp-content\/uploads\/2026\/04\/Cosenza-Foggia-Florenzi-Staver-300x213.png\" loading=\"lazy\" class=\"wp-image-24078 alignleft\" alt width=\"418\" height=\"297\" srcset=\"https:\/\/www.ilfoggia.com\/wp-content\/uploads\/2026\/04\/Cosenza-Foggia-Florenzi-Staver-300x213.png 300w, https:\/\/www.ilfoggia.com\/wp-content\/uploads\/2026\/04\/Cosenza-Foggia-Florenzi-Staver.png 695w\" sizes=\"(max-width: 418px) 100vw, 418px\"><\/em><\/strong><\/p><noscript><img loading=\"lazy\" class=\"wp-image-24078 alignleft\" src=\"https:\/\/www.ilfoggia.com\/wp-content\/uploads\/2026\/04\/Cosenza-Foggia-Florenzi-Staver-300x213.png\" alt width=\"418\" height=\"297\" srcset=\"https:\/\/www.ilfoggia.com\/wp-content\/uploads\/2026\/04\/Cosenza-Foggia-Florenzi-Staver-300x213.png 300w, https:\/\/www.ilfoggia.com\/wp-content\/uploads\/2026\/04\/Cosenza-Foggia-Florenzi-Staver.png 695w\" sizes=\"(max-width: 418px) 100vw, 418px\"><\/noscript>Cosenza-Foggia.<br>Describir este partido resulta en cierto modo una haza\u00f1a, ya que no se puede hablar de un gran Foggia, as\u00ed como tampoco se puede decir que todo deber\u00eda ir a la basura.<br>En el papel, era un partido cerrado incluso antes de empezar, considerando las posiciones en la tabla, la diferencia de puntos, los valores en el campo y un per\u00edodo extremadamente favorable en cuanto al estado de forma del equipo calabr\u00e9s. Hay que decir, adem\u00e1s, que de un equipo de tracci\u00f3n delantera hemos sufrido \u201csolo\u201d un gol. Lo cierto es que esta diferencia en el campo no se not\u00f3 tanto. Cabe decir que nos gust\u00f3 la presi\u00f3n sobre los defensas rivales en la fase de construcci\u00f3n.<br>La otra cara de la moneda es que, sin embargo, encajamos un gol que ni siquiera en torneos parroquiales... Que a pesar de una defensa rival a veces superficial, no fuimos capaces de darle una nota al portero calabr\u00e9s por falta de actividad. \u00bfSaben los nuestros que si se llega a los playoffs habr\u00e1 que marcar goles?\n<p><em><strong>\u00c1rbitro.<\/strong><\/em><br>Si nos ce\u00f1imos al \u00fanico episodio, a pocos segundos del final, sobre el que podemos reivindicar algo, significa que no hemos entendido nada.<br>Vero, come dice Casillo, che dobbiamo aggrapparci agli episodi, ma pu\u00f2 giustificare il meritarsi un risultato positivo? Poi \u00e8 chiaro che se un arbitro sorvola pure su un episodio determinante\u2026 Tra l\u2019altro se vogliamo, pi\u00f9 che l\u2019episodio incriminato io mi soffermerei invece sul rigore assegnato ai calabresi, che a nostro modo di vedere risulta regalato e nonostante l\u2019ausilio di quella cosa inutile e dannosa del Fvs. Ecco, sul 2 a 0 non avresti avuto modo neppure di recriminare.<\/p>\n<p><strong><em>La Squadra.<img src=\"https:\/\/www.ilfoggia.com\/wp-content\/uploads\/2026\/02\/IMG_6207-300x200.jpg\" loading=\"lazy\" class=\"wp-image-23957 alignright\" alt width=\"409\" height=\"272\" srcset=\"https:\/\/www.ilfoggia.com\/wp-content\/uploads\/2026\/02\/IMG_6207-300x200.jpg 300w, https:\/\/www.ilfoggia.com\/wp-content\/uploads\/2026\/02\/IMG_6207-1024x683.jpg 1024w, https:\/\/www.ilfoggia.com\/wp-content\/uploads\/2026\/02\/IMG_6207-768x512.jpg 768w, https:\/\/www.ilfoggia.com\/wp-content\/uploads\/2026\/02\/IMG_6207-1536x1024.jpg 1536w, https:\/\/www.ilfoggia.com\/wp-content\/uploads\/2026\/02\/IMG_6207-2048x1365.jpg 2048w\" sizes=\"(max-width: 409px) 100vw, 409px\"><\/em><\/strong><\/p><noscript><img loading=\"lazy\" class=\"wp-image-23957 alignright\" src=\"https:\/\/www.ilfoggia.com\/wp-content\/uploads\/2026\/02\/IMG_6207-300x200.jpg\" alt width=\"409\" height=\"272\" srcset=\"https:\/\/www.ilfoggia.com\/wp-content\/uploads\/2026\/02\/IMG_6207-300x200.jpg 300w, https:\/\/www.ilfoggia.com\/wp-content\/uploads\/2026\/02\/IMG_6207-1024x683.jpg 1024w, https:\/\/www.ilfoggia.com\/wp-content\/uploads\/2026\/02\/IMG_6207-768x512.jpg 768w, https:\/\/www.ilfoggia.com\/wp-content\/uploads\/2026\/02\/IMG_6207-1536x1024.jpg 1536w, https:\/\/www.ilfoggia.com\/wp-content\/uploads\/2026\/02\/IMG_6207-2048x1365.jpg 2048w\" sizes=\"(max-width: 409px) 100vw, 409px\"><\/noscript><br>Lamento decirlo, pero no s\u00e9 hasta qu\u00e9 punto hay uni\u00f3n de intenciones. Lo que notamos, incluso sin ser expertos, es que aquellos que deber\u00edan haber elevado la calidad del juego son fantasmas perfectos. Por el contrario, otros, provenientes de la D, quienes hasta ahora no han reclamado un puesto en el equipo, se est\u00e1n demostrando como elementos positivos. Hacer nombres es desagradable, pero todos vemos los partidos.\n<p><em><strong>Futuro.<\/strong><\/em><br>No sabemos c\u00f3mo terminar\u00e1, pero esperamos<em> que termine pronto<\/em>. Mientras tanto, a la vuelta de la esquina hay un desventurado Siracusa que, sin embargo, est\u00e1 haciendo lo suyo a pesar de todo. \u00bfSer\u00e1n capaces los nuestros de no perder el partido y la dignidad?<\/p>\n<p><em>Rino La Forgia<\/em><\/p>\n<p>RIPRODUZIONE RISERVATA<\/p>\n\t\t<p><strong><a href=\"https:\/\/blockads.fivefilters.org\/\">Prueba Adblock<\/a><\/strong> <a href=\"https:\/\/blockads.fivefilters.org\/acceptable.html\">(\u00bfPor qu\u00e9?)<\/a><\/p>","protected":false},"excerpt":{"rendered":"<p>\u2026SE ACABE PRONTO<br \/>\nDramma Nazionale.D\u2019obbligo spendere due parole sulla vergognosa e terza estromissione dai mondiali. Vedrete, siamo in Italia, cambier\u00e0 tutto\u2026per non cambiare nulla. Chi ha eletto Gravina? Dimissioni, in Italia? Ma se in conferenza stam&#8230;<\/p>","protected":false},"author":4,"featured_media":0,"comment_status":"closed","ping_status":"closed","sticky":false,"template":"","format":"standard","meta":{"footnotes":""},"categories":[379,380,170],"tags":[134],"class_list":["post-11438","post","type-post","status-publish","format-standard","hentry","category-cosenza-foggia","category-nazionale-italiana","category-news","tag-foggia"],"yoast_head":"<!-- This site is optimized with the Yoast SEO plugin v27.4 - https:\/\/yoast.com\/product\/yoast-seo-wordpress\/ -->\n<title>\u2026Finisse presto \/ Da Zenica a Cosenza passando per\u2026 Siracusa : la Settimana di Rino La Forgia<\/title>\n<meta name=\"robots\" content=\"index, follow, max-snippet:-1, max-image-preview:large, max-video-preview:-1\" \/>\n<link rel=\"canonical\" href=\"https:\/\/tifomania.store\/es\/finisse-presto-da-zenica-a-cosenza-passando-per-siracusa-la-settimana-di-rino-la-forgia\/\" \/>\n<meta property=\"og:locale\" content=\"es_ES\" \/>\n<meta property=\"og:type\" content=\"article\" \/>\n<meta property=\"og:title\" content=\"\u2026Finisse presto \/ Da Zenica a Cosenza passando per\u2026 Siracusa : la Settimana di Rino La Forgia\" \/>\n<meta property=\"og:description\" content=\"\u2026FINISSE PRESTO Dramma Nazionale.D\u2019obbligo spendere due parole sulla vergognosa e terza estromissione dai mondiali. Vedrete, siamo in Italia, cambier\u00e0 tutto\u2026per non cambiare nulla. Chi ha eletto Gravina? Dimissioni, in Italia? Ma se in conferenza stam...\" \/>\n<meta property=\"og:url\" content=\"https:\/\/tifomania.store\/es\/finisse-presto-da-zenica-a-cosenza-passando-per-siracusa-la-settimana-di-rino-la-forgia\/\" \/>\n<meta property=\"og:site_name\" content=\"Tifomania\" \/>\n<meta property=\"article:published_time\" content=\"2026-04-08T15:07:02+00:00\" \/>\n<meta name=\"author\" content=\"ILFG\" \/>\n<meta name=\"twitter:card\" content=\"summary_large_image\" \/>\n<meta name=\"twitter:label1\" content=\"Escrito por\" \/>\n\t<meta name=\"twitter:data1\" content=\"ILFG\" \/>\n\t<meta name=\"twitter:label2\" content=\"Tiempo de lectura\" \/>\n\t<meta name=\"twitter:data2\" content=\"3 minutos\" \/>\n<script type=\"application\/ld+json\" class=\"yoast-schema-graph\">{\"@context\":\"https:\\\/\\\/schema.org\",\"@graph\":[{\"@type\":\"Article\",\"@id\":\"https:\\\/\\\/tifomania.store\\\/es\\\/finisse-presto-da-zenica-a-cosenza-passando-per-siracusa-la-settimana-di-rino-la-forgia\\\/#article\",\"isPartOf\":{\"@id\":\"https:\\\/\\\/tifomania.store\\\/es\\\/finisse-presto-da-zenica-a-cosenza-passando-per-siracusa-la-settimana-di-rino-la-forgia\\\/\"},\"author\":{\"name\":\"ILFG\",\"@id\":\"https:\\\/\\\/tifomania.store\\\/#\\\/schema\\\/person\\\/bda9e3a7b04e8c6e629c91b8370ec54d\"},\"headline\":\"\u2026Finisse presto \\\/ Da Zenica a Cosenza passando per\u2026 Siracusa : la Settimana di Rino La Forgia\",\"datePublished\":\"2026-04-08T15:07:02+00:00\",\"mainEntityOfPage\":{\"@id\":\"https:\\\/\\\/tifomania.store\\\/es\\\/finisse-presto-da-zenica-a-cosenza-passando-per-siracusa-la-settimana-di-rino-la-forgia\\\/\"},\"wordCount\":528,\"image\":{\"@id\":\"https:\\\/\\\/tifomania.store\\\/es\\\/finisse-presto-da-zenica-a-cosenza-passando-per-siracusa-la-settimana-di-rino-la-forgia\\\/#primaryimage\"},\"thumbnailUrl\":\"https:\\\/\\\/www.ilfoggia.com\\\/wp-content\\\/uploads\\\/2026\\\/04\\\/Cosenza-Foggia-Florenzi-Staver-300x213.png\",\"keywords\":[\"Foggia\"],\"articleSection\":[\"Cosenza-Foggia\",\"Nazionale italiana\",\"News\"],\"inLanguage\":\"es\"},{\"@type\":\"WebPage\",\"@id\":\"https:\\\/\\\/tifomania.store\\\/es\\\/finisse-presto-da-zenica-a-cosenza-passando-per-siracusa-la-settimana-di-rino-la-forgia\\\/\",\"url\":\"https:\\\/\\\/tifomania.store\\\/es\\\/finisse-presto-da-zenica-a-cosenza-passando-per-siracusa-la-settimana-di-rino-la-forgia\\\/\",\"name\":\"\u2026Finisse presto \\\/ Da Zenica a Cosenza passando per\u2026 Siracusa : la Settimana di Rino La Forgia\",\"isPartOf\":{\"@id\":\"https:\\\/\\\/tifomania.store\\\/#website\"},\"primaryImageOfPage\":{\"@id\":\"https:\\\/\\\/tifomania.store\\\/es\\\/finisse-presto-da-zenica-a-cosenza-passando-per-siracusa-la-settimana-di-rino-la-forgia\\\/#primaryimage\"},\"image\":{\"@id\":\"https:\\\/\\\/tifomania.store\\\/es\\\/finisse-presto-da-zenica-a-cosenza-passando-per-siracusa-la-settimana-di-rino-la-forgia\\\/#primaryimage\"},\"thumbnailUrl\":\"https:\\\/\\\/www.ilfoggia.com\\\/wp-content\\\/uploads\\\/2026\\\/04\\\/Cosenza-Foggia-Florenzi-Staver-300x213.png\",\"datePublished\":\"2026-04-08T15:07:02+00:00\",\"author\":{\"@id\":\"https:\\\/\\\/tifomania.store\\\/#\\\/schema\\\/person\\\/bda9e3a7b04e8c6e629c91b8370ec54d\"},\"breadcrumb\":{\"@id\":\"https:\\\/\\\/tifomania.store\\\/es\\\/finisse-presto-da-zenica-a-cosenza-passando-per-siracusa-la-settimana-di-rino-la-forgia\\\/#breadcrumb\"},\"inLanguage\":\"es\",\"potentialAction\":[{\"@type\":\"ReadAction\",\"target\":[\"https:\\\/\\\/tifomania.store\\\/es\\\/finisse-presto-da-zenica-a-cosenza-passando-per-siracusa-la-settimana-di-rino-la-forgia\\\/\"]}]},{\"@type\":\"ImageObject\",\"inLanguage\":\"es\",\"@id\":\"https:\\\/\\\/tifomania.store\\\/es\\\/finisse-presto-da-zenica-a-cosenza-passando-per-siracusa-la-settimana-di-rino-la-forgia\\\/#primaryimage\",\"url\":\"https:\\\/\\\/www.ilfoggia.com\\\/wp-content\\\/uploads\\\/2026\\\/04\\\/Cosenza-Foggia-Florenzi-Staver-300x213.png\",\"contentUrl\":\"https:\\\/\\\/www.ilfoggia.com\\\/wp-content\\\/uploads\\\/2026\\\/04\\\/Cosenza-Foggia-Florenzi-Staver-300x213.png\"},{\"@type\":\"BreadcrumbList\",\"@id\":\"https:\\\/\\\/tifomania.store\\\/es\\\/finisse-presto-da-zenica-a-cosenza-passando-per-siracusa-la-settimana-di-rino-la-forgia\\\/#breadcrumb\",\"itemListElement\":[{\"@type\":\"ListItem\",\"position\":1,\"name\":\"Home\",\"item\":\"https:\\\/\\\/tifomania.store\\\/en\\\/\"},{\"@type\":\"ListItem\",\"position\":2,\"name\":\"\u2026Finisse presto \\\/ Da Zenica a Cosenza passando per\u2026 Siracusa : la Settimana di Rino La Forgia\"}]},{\"@type\":\"WebSite\",\"@id\":\"https:\\\/\\\/tifomania.store\\\/#website\",\"url\":\"https:\\\/\\\/tifomania.store\\\/\",\"name\":\"Tifomania\",\"description\":\"Where Passion Becomes Play\",\"potentialAction\":[{\"@type\":\"SearchAction\",\"target\":{\"@type\":\"EntryPoint\",\"urlTemplate\":\"https:\\\/\\\/tifomania.store\\\/?s={search_term_string}\"},\"query-input\":{\"@type\":\"PropertyValueSpecification\",\"valueRequired\":true,\"valueName\":\"search_term_string\"}}],\"inLanguage\":\"es\"},{\"@type\":\"Person\",\"@id\":\"https:\\\/\\\/tifomania.store\\\/#\\\/schema\\\/person\\\/bda9e3a7b04e8c6e629c91b8370ec54d\",\"name\":\"ILFG\",\"image\":{\"@type\":\"ImageObject\",\"inLanguage\":\"es\",\"@id\":\"https:\\\/\\\/secure.gravatar.com\\\/avatar\\\/d7576f3359e02575a71807ba15ab8c105c7b5c36e8f5c7fac6eda23cbc7f13d0?s=96&d=mm&r=g\",\"url\":\"https:\\\/\\\/secure.gravatar.com\\\/avatar\\\/d7576f3359e02575a71807ba15ab8c105c7b5c36e8f5c7fac6eda23cbc7f13d0?s=96&d=mm&r=g\",\"contentUrl\":\"https:\\\/\\\/secure.gravatar.com\\\/avatar\\\/d7576f3359e02575a71807ba15ab8c105c7b5c36e8f5c7fac6eda23cbc7f13d0?s=96&d=mm&r=g\",\"caption\":\"ILFG\"},\"url\":\"https:\\\/\\\/tifomania.store\\\/es\\\/author\\\/ilfg\\\/\"}]}<\/script>\n<!-- \/ Yoast SEO plugin. -->","yoast_head_json":{"title":"\u2026Termine pronto \/ De Zenica a Cosenza pasando por\u2026 Siracusa: la Semana de Rino La Forgia","robots":{"index":"index","follow":"follow","max-snippet":"max-snippet:-1","max-image-preview":"max-image-preview:large","max-video-preview":"max-video-preview:-1"},"canonical":"https:\/\/tifomania.store\/es\/finisse-presto-da-zenica-a-cosenza-passando-per-siracusa-la-settimana-di-rino-la-forgia\/","og_locale":"es_ES","og_type":"article","og_title":"\u2026Finisse presto \/ Da Zenica a Cosenza passando per\u2026 Siracusa : la Settimana di Rino La Forgia","og_description":"\u2026FINISSE PRESTO Dramma Nazionale.D\u2019obbligo spendere due parole sulla vergognosa e terza estromissione dai mondiali. Vedrete, siamo in Italia, cambier\u00e0 tutto\u2026per non cambiare nulla. Chi ha eletto Gravina? Dimissioni, in Italia? Ma se in conferenza stam...","og_url":"https:\/\/tifomania.store\/es\/finisse-presto-da-zenica-a-cosenza-passando-per-siracusa-la-settimana-di-rino-la-forgia\/","og_site_name":"Tifomania","article_published_time":"2026-04-08T15:07:02+00:00","author":"ILFG","twitter_card":"summary_large_image","twitter_misc":{"Escrito por":"ILFG","Tiempo de lectura":"3 minutos"},"schema":{"@context":"https:\/\/schema.org","@graph":[{"@type":"Article","@id":"https:\/\/tifomania.store\/es\/finisse-presto-da-zenica-a-cosenza-passando-per-siracusa-la-settimana-di-rino-la-forgia\/#article","isPartOf":{"@id":"https:\/\/tifomania.store\/es\/finisse-presto-da-zenica-a-cosenza-passando-per-siracusa-la-settimana-di-rino-la-forgia\/"},"author":{"name":"ILFG","@id":"https:\/\/tifomania.store\/#\/schema\/person\/bda9e3a7b04e8c6e629c91b8370ec54d"},"headline":"\u2026Finisse presto \/ Da Zenica a Cosenza passando per\u2026 Siracusa : la Settimana di Rino La Forgia","datePublished":"2026-04-08T15:07:02+00:00","mainEntityOfPage":{"@id":"https:\/\/tifomania.store\/es\/finisse-presto-da-zenica-a-cosenza-passando-per-siracusa-la-settimana-di-rino-la-forgia\/"},"wordCount":528,"image":{"@id":"https:\/\/tifomania.store\/es\/finisse-presto-da-zenica-a-cosenza-passando-per-siracusa-la-settimana-di-rino-la-forgia\/#primaryimage"},"thumbnailUrl":"https:\/\/www.ilfoggia.com\/wp-content\/uploads\/2026\/04\/Cosenza-Foggia-Florenzi-Staver-300x213.png","keywords":["Foggia"],"articleSection":["Cosenza-Foggia","Nazionale italiana","News"],"inLanguage":"es"},{"@type":"WebPage","@id":"https:\/\/tifomania.store\/es\/finisse-presto-da-zenica-a-cosenza-passando-per-siracusa-la-settimana-di-rino-la-forgia\/","url":"https:\/\/tifomania.store\/es\/finisse-presto-da-zenica-a-cosenza-passando-per-siracusa-la-settimana-di-rino-la-forgia\/","name":"\u2026Termine pronto \/ De Zenica a Cosenza pasando por\u2026 Siracusa: la Semana de Rino La Forgia","isPartOf":{"@id":"https:\/\/tifomania.store\/#website"},"primaryImageOfPage":{"@id":"https:\/\/tifomania.store\/es\/finisse-presto-da-zenica-a-cosenza-passando-per-siracusa-la-settimana-di-rino-la-forgia\/#primaryimage"},"image":{"@id":"https:\/\/tifomania.store\/es\/finisse-presto-da-zenica-a-cosenza-passando-per-siracusa-la-settimana-di-rino-la-forgia\/#primaryimage"},"thumbnailUrl":"https:\/\/www.ilfoggia.com\/wp-content\/uploads\/2026\/04\/Cosenza-Foggia-Florenzi-Staver-300x213.png","datePublished":"2026-04-08T15:07:02+00:00","author":{"@id":"https:\/\/tifomania.store\/#\/schema\/person\/bda9e3a7b04e8c6e629c91b8370ec54d"},"breadcrumb":{"@id":"https:\/\/tifomania.store\/es\/finisse-presto-da-zenica-a-cosenza-passando-per-siracusa-la-settimana-di-rino-la-forgia\/#breadcrumb"},"inLanguage":"es","potentialAction":[{"@type":"ReadAction","target":["https:\/\/tifomania.store\/es\/finisse-presto-da-zenica-a-cosenza-passando-per-siracusa-la-settimana-di-rino-la-forgia\/"]}]},{"@type":"ImageObject","inLanguage":"es","@id":"https:\/\/tifomania.store\/es\/finisse-presto-da-zenica-a-cosenza-passando-per-siracusa-la-settimana-di-rino-la-forgia\/#primaryimage","url":"https:\/\/www.ilfoggia.com\/wp-content\/uploads\/2026\/04\/Cosenza-Foggia-Florenzi-Staver-300x213.png","contentUrl":"https:\/\/www.ilfoggia.com\/wp-content\/uploads\/2026\/04\/Cosenza-Foggia-Florenzi-Staver-300x213.png"},{"@type":"BreadcrumbList","@id":"https:\/\/tifomania.store\/es\/finisse-presto-da-zenica-a-cosenza-passando-per-siracusa-la-settimana-di-rino-la-forgia\/#breadcrumb","itemListElement":[{"@type":"ListItem","position":1,"name":"Home","item":"https:\/\/tifomania.store\/en\/"},{"@type":"ListItem","position":2,"name":"\u2026Finisse presto \/ Da Zenica a Cosenza passando per\u2026 Siracusa : la Settimana di Rino La Forgia"}]},{"@type":"WebSite","@id":"https:\/\/tifomania.store\/#website","url":"https:\/\/tifomania.store\/","name":"Tifoman\u00eda","description":"Donde la pasi\u00f3n se convierte en juego","potentialAction":[{"@type":"SearchAction","target":{"@type":"EntryPoint","urlTemplate":"https:\/\/tifomania.store\/?s={search_term_string}"},"query-input":{"@type":"PropertyValueSpecification","valueRequired":true,"valueName":"search_term_string"}}],"inLanguage":"es"},{"@type":"Person","@id":"https:\/\/tifomania.store\/#\/schema\/person\/bda9e3a7b04e8c6e629c91b8370ec54d","name":"ILFG","image":{"@type":"ImageObject","inLanguage":"es","@id":"https:\/\/secure.gravatar.com\/avatar\/d7576f3359e02575a71807ba15ab8c105c7b5c36e8f5c7fac6eda23cbc7f13d0?s=96&d=mm&r=g","url":"https:\/\/secure.gravatar.com\/avatar\/d7576f3359e02575a71807ba15ab8c105c7b5c36e8f5c7fac6eda23cbc7f13d0?s=96&d=mm&r=g","contentUrl":"https:\/\/secure.gravatar.com\/avatar\/d7576f3359e02575a71807ba15ab8c105c7b5c36e8f5c7fac6eda23cbc7f13d0?s=96&d=mm&r=g","caption":"ILFG"},"url":"https:\/\/tifomania.store\/es\/author\/ilfg\/"}]}},"_links":{"self":[{"href":"https:\/\/tifomania.store\/es\/wp-json\/wp\/v2\/posts\/11438","targetHints":{"allow":["GET"]}}],"collection":[{"href":"https:\/\/tifomania.store\/es\/wp-json\/wp\/v2\/posts"}],"about":[{"href":"https:\/\/tifomania.store\/es\/wp-json\/wp\/v2\/types\/post"}],"author":[{"embeddable":true,"href":"https:\/\/tifomania.store\/es\/wp-json\/wp\/v2\/users\/4"}],"replies":[{"embeddable":true,"href":"https:\/\/tifomania.store\/es\/wp-json\/wp\/v2\/comments?post=11438"}],"version-history":[{"count":1,"href":"https:\/\/tifomania.store\/es\/wp-json\/wp\/v2\/posts\/11438\/revisions"}],"predecessor-version":[{"id":11439,"href":"https:\/\/tifomania.store\/es\/wp-json\/wp\/v2\/posts\/11438\/revisions\/11439"}],"wp:attachment":[{"href":"https:\/\/tifomania.store\/es\/wp-json\/wp\/v2\/media?parent=11438"}],"wp:term":[{"taxonomy":"category","embeddable":true,"href":"https:\/\/tifomania.store\/es\/wp-json\/wp\/v2\/categories?post=11438"},{"taxonomy":"post_tag","embeddable":true,"href":"https:\/\/tifomania.store\/es\/wp-json\/wp\/v2\/tags?post=11438"}],"curies":[{"name":"wp","href":"https:\/\/api.w.org\/{rel}","templated":true}]}}