{"id":11374,"date":"2026-01-29T07:56:18","date_gmt":"2026-01-29T07:56:18","guid":{"rendered":"https:\/\/foggiasport24.com\/?p=523255"},"modified":"2026-01-29T07:56:18","modified_gmt":"2026-01-29T07:56:18","slug":"mercato-accelerata-foggia-calcio-i-possibili-colpi-di-mercato","status":"publish","type":"post","link":"https:\/\/tifomania.store\/fr\/mercato-accelerata-foggia-calcio-i-possibili-colpi-di-mercato\/","title":{"rendered":"Mercato, acc\u00e9l\u00e9r\u00e9 Foggia Calcio. Les points de vente possibles"},"content":{"rendered":"<div><img src=\"https:\/\/foggiasport24.com\/wp-content\/uploads\/2016\/01\/Calciomercato-Live.jpg\" class=\"ff-og-image-inserted\"><\/div><p><span class=\"penci-dropcap-bold\">U<\/span>ltimi giorni di mercato per il Foggia Calcio, che sta portando avanti trattative alfine di rinforzare l'organico e renderlo competitivo per la salvezza in Serie C. Il mercato ha gi\u00e0 portato in rossonero Nocerino e Menegazzo, portati dalla precedente Gestione societaria, e il trio composto da Girone, Cangiano e Romeo. Au m\u00e9pris des cessions possibles, pour lesquelles il pourrait \u00eatre n\u00e9cessaire d'op\u00e9rer d'autres entr\u00e9es, le club de la place Fratelli Sarti a parmi ses objectifs un centre (au moins deux), un esterno offensivo di destra et un difensore centrale. Il s'agit d'\u00e9l\u00e9ments permettant d'am\u00e9liorer la qualit\u00e9 de l'image et d'augmenter le niveau de qualit\u00e9. Procediamo per ordine.<\/p>\n<p><strong>BOMBER<\/strong> - En attaque, il y a un attaquant central capable de garantir un but dans cette finale de saison. Il s'agit de Cosimo, l'un des plus grands espoirs de la soci\u00e9t\u00e9. <strong>Patierno<\/strong> (34 anni) di propriet\u00e0 dell'Avellino, ma dopo i contatti avuti nelle settimane precedenti non sarebbe stata trovata l'intesa. Non \u00e8 detto, per\u00f2, che non si possa tornare a parlare. Le num\u00e9ro le plus lourd, en ce moment, semble \u00eatre celui de Christian. <strong>Tommasini<\/strong> (27 ans), de la propri\u00e9t\u00e9 de Gubbio, mais avec d'autres exp\u00e9riences avec des clubs comme Taranto et Monopoli. De par son \u00e2ge et ses caract\u00e9ristiques, il semble \u00eatre l'homme id\u00e9al pour les rossoneri.<\/p>\n<p>Piace anche \u201cEl Tigre\u201d Alexis Ferrante (30 anni), gi\u00e0 in rossonero cinque anni fa. Infine c'\u00e8 la pista interna che porta a <strong>Musy<\/strong> Hernandez (26 ans), centravanti spagnolo dell'Heraclea, secondo club della propiet\u00e0 rossonera. L'attaquant, qui a une taille de 1,91, a milit\u00e9 principalement en Serie D en remportant les championnats de Renato Curi, Vibonese et Heraclea, selon les cas.<\/p>\n<p><strong>ESTERNO<\/strong> - Pour compl\u00e9ter le trio, qui a d\u00e9j\u00e0 \u00e0 Cangiano une de ses r\u00e9f\u00e9rences, le Foggia Calcio a envoy\u00e9 Enrico dans le miroir. <strong>Brignola<\/strong> (26 anni), di propriet\u00e0 della Ternana. Pour le calciatore, le chemin semble, cependant, ne pas \u00eatre facile. Parall\u00e8lement, \u00e0 l'est des champs, Davide s'est int\u00e9ress\u00e9 \u00e0 la question. <strong>Merola<\/strong> (25 ans), d\u00e9j\u00e0 en poste \u00e0 Rossonero il y a cinq ans avec Zeman \u00e0 Panchina. Le calciatore pourrait se trouver \u00e0 Pescara et pourrait \u00eatre le partenaire id\u00e9al, en termes de caract\u00e9ristiques techniques, pour compl\u00e9ter la r\u00e9paration \u00e0 la pointe de la technologie. En fait, il s'agit du nom de Giuseppe. <strong>Borello<\/strong> (26 ans), tra le altre, ex Monopoli, Crotone e Cesena.<\/p>\n<p><strong>DIFESA<\/strong> - Le club du duo Casillo - De Vitto est \u00e0 la recherche d'un joueur de t\u00eate. Deux noms circulent dans les derniers jours. Parmi tous, il y a celui de Roberto <strong>Pirrello<\/strong> (29 ans) de la propri\u00e9t\u00e9 de Trapani, en plus d'Eric <strong>Biasiol<\/strong> (28 ans) difensore croato con alle spalle esperienze al Giuliano e al Picerno. Le calciatore est la propri\u00e9t\u00e9 de l'Heraclea et le transfert pourrait avoir lieu \u00e0 l'int\u00e9rieur des deux clubs.<\/p>\n<p>Il ne reste plus qu'une semaine avant la fin des n\u00e9gociations. La Foggia acc\u00e9l\u00e8re.<\/p>\n\n<p><strong><a href=\"https:\/\/blockads.fivefilters.org\/\">Test Adblock<\/a><\/strong> <a href=\"https:\/\/blockads.fivefilters.org\/acceptable.html\">(Pourquoi ?)<\/a><\/p>","protected":false},"excerpt":{"rendered":"<p>Ultimi giorni di mercato per il Foggia Calcio, che sta portando avanti trattative alfine di rinforzare l\u2019organico e renderlo competitivo per la salvezza in Serie C. Il mercato ha gi\u00e0 portato in rossonero Nocerino e Menegazzo, portati dalla precedente G&#8230;<\/p>","protected":false},"author":3,"featured_media":0,"comment_status":"closed","ping_status":"closed","sticky":false,"template":"","format":"standard","meta":{"footnotes":""},"categories":[350,351,352,170,353],"tags":[134],"class_list":["post-11374","post","type-post","status-publish","format-standard","hentry","category-acquisti","category-cessioni","category-ingaggio","category-news","category-trattative","tag-foggia"],"yoast_head":"<!-- This site is optimized with the Yoast SEO plugin v27.4 - https:\/\/yoast.com\/product\/yoast-seo-wordpress\/ -->\n<title>Mercato, accelerata Foggia Calcio. I possibili colpi di mercato<\/title>\n<meta name=\"robots\" content=\"index, follow, max-snippet:-1, max-image-preview:large, max-video-preview:-1\" \/>\n<link rel=\"canonical\" href=\"http:\/\/tifomania.store\/fr\/mercato-accelerata-foggia-calcio-i-possibili-colpi-di-mercato\/\" \/>\n<meta property=\"og:locale\" content=\"fr_FR\" \/>\n<meta property=\"og:type\" content=\"article\" \/>\n<meta property=\"og:title\" content=\"Mercato, accelerata Foggia Calcio. I possibili colpi di mercato\" \/>\n<meta property=\"og:description\" content=\"Ultimi giorni di mercato per il Foggia Calcio, che sta portando avanti trattative alfine di rinforzare l\u2019organico e renderlo competitivo per la salvezza in Serie C. Il mercato ha gi\u00e0 portato in rossonero Nocerino e Menegazzo, portati dalla precedente G...\" \/>\n<meta property=\"og:url\" content=\"http:\/\/tifomania.store\/fr\/mercato-accelerata-foggia-calcio-i-possibili-colpi-di-mercato\/\" \/>\n<meta property=\"og:site_name\" content=\"Tifomania\" \/>\n<meta property=\"article:published_time\" content=\"2026-01-29T07:56:18+00:00\" \/>\n<meta property=\"og:image\" content=\"https:\/\/foggiasport24.com\/wp-content\/uploads\/2016\/01\/Calciomercato-Live.jpg\" \/>\n<meta name=\"author\" content=\"FS24\" \/>\n<meta name=\"twitter:card\" content=\"summary_large_image\" \/>\n<meta name=\"twitter:label1\" content=\"\u00c9crit par\" \/>\n\t<meta name=\"twitter:data1\" content=\"FS24\" \/>\n\t<meta name=\"twitter:label2\" content=\"Dur\u00e9e de lecture estim\u00e9e\" \/>\n\t<meta name=\"twitter:data2\" content=\"2 minutes\" \/>\n<script type=\"application\/ld+json\" class=\"yoast-schema-graph\">{\"@context\":\"https:\\\/\\\/schema.org\",\"@graph\":[{\"@type\":\"Article\",\"@id\":\"http:\\\/\\\/tifomania.store\\\/en\\\/mercato-accelerata-foggia-calcio-i-possibili-colpi-di-mercato\\\/#article\",\"isPartOf\":{\"@id\":\"http:\\\/\\\/tifomania.store\\\/en\\\/mercato-accelerata-foggia-calcio-i-possibili-colpi-di-mercato\\\/\"},\"author\":{\"name\":\"FS24\",\"@id\":\"https:\\\/\\\/tifomania.store\\\/#\\\/schema\\\/person\\\/13e375f75c4086ec091e143bd3f72a25\"},\"headline\":\"Mercato, accelerata Foggia Calcio. I possibili colpi di mercato\",\"datePublished\":\"2026-01-29T07:56:18+00:00\",\"mainEntityOfPage\":{\"@id\":\"http:\\\/\\\/tifomania.store\\\/en\\\/mercato-accelerata-foggia-calcio-i-possibili-colpi-di-mercato\\\/\"},\"wordCount\":448,\"image\":{\"@id\":\"http:\\\/\\\/tifomania.store\\\/en\\\/mercato-accelerata-foggia-calcio-i-possibili-colpi-di-mercato\\\/#primaryimage\"},\"thumbnailUrl\":\"https:\\\/\\\/foggiasport24.com\\\/wp-content\\\/uploads\\\/2016\\\/01\\\/Calciomercato-Live.jpg\",\"keywords\":[\"Foggia\"],\"articleSection\":[\"acquisti\",\"cessioni\",\"ingaggio\",\"News\",\"trattative\"],\"inLanguage\":\"fr-FR\"},{\"@type\":\"WebPage\",\"@id\":\"http:\\\/\\\/tifomania.store\\\/en\\\/mercato-accelerata-foggia-calcio-i-possibili-colpi-di-mercato\\\/\",\"url\":\"http:\\\/\\\/tifomania.store\\\/en\\\/mercato-accelerata-foggia-calcio-i-possibili-colpi-di-mercato\\\/\",\"name\":\"Mercato, accelerata Foggia Calcio. I possibili colpi di mercato\",\"isPartOf\":{\"@id\":\"https:\\\/\\\/tifomania.store\\\/#website\"},\"primaryImageOfPage\":{\"@id\":\"http:\\\/\\\/tifomania.store\\\/en\\\/mercato-accelerata-foggia-calcio-i-possibili-colpi-di-mercato\\\/#primaryimage\"},\"image\":{\"@id\":\"http:\\\/\\\/tifomania.store\\\/en\\\/mercato-accelerata-foggia-calcio-i-possibili-colpi-di-mercato\\\/#primaryimage\"},\"thumbnailUrl\":\"https:\\\/\\\/foggiasport24.com\\\/wp-content\\\/uploads\\\/2016\\\/01\\\/Calciomercato-Live.jpg\",\"datePublished\":\"2026-01-29T07:56:18+00:00\",\"author\":{\"@id\":\"https:\\\/\\\/tifomania.store\\\/#\\\/schema\\\/person\\\/13e375f75c4086ec091e143bd3f72a25\"},\"breadcrumb\":{\"@id\":\"http:\\\/\\\/tifomania.store\\\/en\\\/mercato-accelerata-foggia-calcio-i-possibili-colpi-di-mercato\\\/#breadcrumb\"},\"inLanguage\":\"fr-FR\",\"potentialAction\":[{\"@type\":\"ReadAction\",\"target\":[\"http:\\\/\\\/tifomania.store\\\/en\\\/mercato-accelerata-foggia-calcio-i-possibili-colpi-di-mercato\\\/\"]}]},{\"@type\":\"ImageObject\",\"inLanguage\":\"fr-FR\",\"@id\":\"http:\\\/\\\/tifomania.store\\\/en\\\/mercato-accelerata-foggia-calcio-i-possibili-colpi-di-mercato\\\/#primaryimage\",\"url\":\"https:\\\/\\\/foggiasport24.com\\\/wp-content\\\/uploads\\\/2016\\\/01\\\/Calciomercato-Live.jpg\",\"contentUrl\":\"https:\\\/\\\/foggiasport24.com\\\/wp-content\\\/uploads\\\/2016\\\/01\\\/Calciomercato-Live.jpg\"},{\"@type\":\"BreadcrumbList\",\"@id\":\"http:\\\/\\\/tifomania.store\\\/en\\\/mercato-accelerata-foggia-calcio-i-possibili-colpi-di-mercato\\\/#breadcrumb\",\"itemListElement\":[{\"@type\":\"ListItem\",\"position\":1,\"name\":\"Home\",\"item\":\"https:\\\/\\\/tifomania.store\\\/en\\\/\"},{\"@type\":\"ListItem\",\"position\":2,\"name\":\"Mercato, accelerata Foggia Calcio. I possibili colpi di mercato\"}]},{\"@type\":\"WebSite\",\"@id\":\"https:\\\/\\\/tifomania.store\\\/#website\",\"url\":\"https:\\\/\\\/tifomania.store\\\/\",\"name\":\"Tifomania\",\"description\":\"Where Passion Becomes Play\",\"potentialAction\":[{\"@type\":\"SearchAction\",\"target\":{\"@type\":\"EntryPoint\",\"urlTemplate\":\"https:\\\/\\\/tifomania.store\\\/?s={search_term_string}\"},\"query-input\":{\"@type\":\"PropertyValueSpecification\",\"valueRequired\":true,\"valueName\":\"search_term_string\"}}],\"inLanguage\":\"fr-FR\"},{\"@type\":\"Person\",\"@id\":\"https:\\\/\\\/tifomania.store\\\/#\\\/schema\\\/person\\\/13e375f75c4086ec091e143bd3f72a25\",\"name\":\"FS24\",\"image\":{\"@type\":\"ImageObject\",\"inLanguage\":\"fr-FR\",\"@id\":\"https:\\\/\\\/secure.gravatar.com\\\/avatar\\\/55b999f66780f5c1c39cc84120ab001b7944ef1cb2db45b654ae99b263f64c54?s=96&d=mm&r=g\",\"url\":\"https:\\\/\\\/secure.gravatar.com\\\/avatar\\\/55b999f66780f5c1c39cc84120ab001b7944ef1cb2db45b654ae99b263f64c54?s=96&d=mm&r=g\",\"contentUrl\":\"https:\\\/\\\/secure.gravatar.com\\\/avatar\\\/55b999f66780f5c1c39cc84120ab001b7944ef1cb2db45b654ae99b263f64c54?s=96&d=mm&r=g\",\"caption\":\"FS24\"},\"url\":\"https:\\\/\\\/tifomania.store\\\/fr\\\/author\\\/fs24\\\/\"}]}<\/script>\n<!-- \/ Yoast SEO plugin. -->","yoast_head_json":{"title":"Mercato, acc\u00e9l\u00e9r\u00e9 Foggia Calcio. Les points de vente possibles","robots":{"index":"index","follow":"follow","max-snippet":"max-snippet:-1","max-image-preview":"max-image-preview:large","max-video-preview":"max-video-preview:-1"},"canonical":"http:\/\/tifomania.store\/fr\/mercato-accelerata-foggia-calcio-i-possibili-colpi-di-mercato\/","og_locale":"fr_FR","og_type":"article","og_title":"Mercato, accelerata Foggia Calcio. I possibili colpi di mercato","og_description":"Ultimi giorni di mercato per il Foggia Calcio, che sta portando avanti trattative alfine di rinforzare l\u2019organico e renderlo competitivo per la salvezza in Serie C. Il mercato ha gi\u00e0 portato in rossonero Nocerino e Menegazzo, portati dalla precedente G...","og_url":"http:\/\/tifomania.store\/fr\/mercato-accelerata-foggia-calcio-i-possibili-colpi-di-mercato\/","og_site_name":"Tifomania","article_published_time":"2026-01-29T07:56:18+00:00","og_image":[{"url":"https:\/\/foggiasport24.com\/wp-content\/uploads\/2016\/01\/Calciomercato-Live.jpg","type":"","width":"","height":""}],"author":"FS24","twitter_card":"summary_large_image","twitter_misc":{"\u00c9crit par":"FS24","Dur\u00e9e de lecture estim\u00e9e":"2 minutes"},"schema":{"@context":"https:\/\/schema.org","@graph":[{"@type":"Article","@id":"http:\/\/tifomania.store\/en\/mercato-accelerata-foggia-calcio-i-possibili-colpi-di-mercato\/#article","isPartOf":{"@id":"http:\/\/tifomania.store\/en\/mercato-accelerata-foggia-calcio-i-possibili-colpi-di-mercato\/"},"author":{"name":"FS24","@id":"https:\/\/tifomania.store\/#\/schema\/person\/13e375f75c4086ec091e143bd3f72a25"},"headline":"Mercato, accelerata Foggia Calcio. I possibili colpi di mercato","datePublished":"2026-01-29T07:56:18+00:00","mainEntityOfPage":{"@id":"http:\/\/tifomania.store\/en\/mercato-accelerata-foggia-calcio-i-possibili-colpi-di-mercato\/"},"wordCount":448,"image":{"@id":"http:\/\/tifomania.store\/en\/mercato-accelerata-foggia-calcio-i-possibili-colpi-di-mercato\/#primaryimage"},"thumbnailUrl":"https:\/\/foggiasport24.com\/wp-content\/uploads\/2016\/01\/Calciomercato-Live.jpg","keywords":["Foggia"],"articleSection":["acquisti","cessioni","ingaggio","News","trattative"],"inLanguage":"fr-FR"},{"@type":"WebPage","@id":"http:\/\/tifomania.store\/en\/mercato-accelerata-foggia-calcio-i-possibili-colpi-di-mercato\/","url":"http:\/\/tifomania.store\/en\/mercato-accelerata-foggia-calcio-i-possibili-colpi-di-mercato\/","name":"Mercato, acc\u00e9l\u00e9r\u00e9 Foggia Calcio. Les points de vente possibles","isPartOf":{"@id":"https:\/\/tifomania.store\/#website"},"primaryImageOfPage":{"@id":"http:\/\/tifomania.store\/en\/mercato-accelerata-foggia-calcio-i-possibili-colpi-di-mercato\/#primaryimage"},"image":{"@id":"http:\/\/tifomania.store\/en\/mercato-accelerata-foggia-calcio-i-possibili-colpi-di-mercato\/#primaryimage"},"thumbnailUrl":"https:\/\/foggiasport24.com\/wp-content\/uploads\/2016\/01\/Calciomercato-Live.jpg","datePublished":"2026-01-29T07:56:18+00:00","author":{"@id":"https:\/\/tifomania.store\/#\/schema\/person\/13e375f75c4086ec091e143bd3f72a25"},"breadcrumb":{"@id":"http:\/\/tifomania.store\/en\/mercato-accelerata-foggia-calcio-i-possibili-colpi-di-mercato\/#breadcrumb"},"inLanguage":"fr-FR","potentialAction":[{"@type":"ReadAction","target":["http:\/\/tifomania.store\/en\/mercato-accelerata-foggia-calcio-i-possibili-colpi-di-mercato\/"]}]},{"@type":"ImageObject","inLanguage":"fr-FR","@id":"http:\/\/tifomania.store\/en\/mercato-accelerata-foggia-calcio-i-possibili-colpi-di-mercato\/#primaryimage","url":"https:\/\/foggiasport24.com\/wp-content\/uploads\/2016\/01\/Calciomercato-Live.jpg","contentUrl":"https:\/\/foggiasport24.com\/wp-content\/uploads\/2016\/01\/Calciomercato-Live.jpg"},{"@type":"BreadcrumbList","@id":"http:\/\/tifomania.store\/en\/mercato-accelerata-foggia-calcio-i-possibili-colpi-di-mercato\/#breadcrumb","itemListElement":[{"@type":"ListItem","position":1,"name":"Home","item":"https:\/\/tifomania.store\/en\/"},{"@type":"ListItem","position":2,"name":"Mercato, accelerata Foggia Calcio. I possibili colpi di mercato"}]},{"@type":"WebSite","@id":"https:\/\/tifomania.store\/#website","url":"https:\/\/tifomania.store\/","name":"Tifomania","description":"Quand la passion devient jeu","potentialAction":[{"@type":"SearchAction","target":{"@type":"EntryPoint","urlTemplate":"https:\/\/tifomania.store\/?s={search_term_string}"},"query-input":{"@type":"PropertyValueSpecification","valueRequired":true,"valueName":"search_term_string"}}],"inLanguage":"fr-FR"},{"@type":"Person","@id":"https:\/\/tifomania.store\/#\/schema\/person\/13e375f75c4086ec091e143bd3f72a25","name":"FS24","image":{"@type":"ImageObject","inLanguage":"fr-FR","@id":"https:\/\/secure.gravatar.com\/avatar\/55b999f66780f5c1c39cc84120ab001b7944ef1cb2db45b654ae99b263f64c54?s=96&d=mm&r=g","url":"https:\/\/secure.gravatar.com\/avatar\/55b999f66780f5c1c39cc84120ab001b7944ef1cb2db45b654ae99b263f64c54?s=96&d=mm&r=g","contentUrl":"https:\/\/secure.gravatar.com\/avatar\/55b999f66780f5c1c39cc84120ab001b7944ef1cb2db45b654ae99b263f64c54?s=96&d=mm&r=g","caption":"FS24"},"url":"https:\/\/tifomania.store\/fr\/author\/fs24\/"}]}},"_links":{"self":[{"href":"https:\/\/tifomania.store\/fr\/wp-json\/wp\/v2\/posts\/11374","targetHints":{"allow":["GET"]}}],"collection":[{"href":"https:\/\/tifomania.store\/fr\/wp-json\/wp\/v2\/posts"}],"about":[{"href":"https:\/\/tifomania.store\/fr\/wp-json\/wp\/v2\/types\/post"}],"author":[{"embeddable":true,"href":"https:\/\/tifomania.store\/fr\/wp-json\/wp\/v2\/users\/3"}],"replies":[{"embeddable":true,"href":"https:\/\/tifomania.store\/fr\/wp-json\/wp\/v2\/comments?post=11374"}],"version-history":[{"count":1,"href":"https:\/\/tifomania.store\/fr\/wp-json\/wp\/v2\/posts\/11374\/revisions"}],"predecessor-version":[{"id":11375,"href":"https:\/\/tifomania.store\/fr\/wp-json\/wp\/v2\/posts\/11374\/revisions\/11375"}],"wp:attachment":[{"href":"https:\/\/tifomania.store\/fr\/wp-json\/wp\/v2\/media?parent=11374"}],"wp:term":[{"taxonomy":"category","embeddable":true,"href":"https:\/\/tifomania.store\/fr\/wp-json\/wp\/v2\/categories?post=11374"},{"taxonomy":"post_tag","embeddable":true,"href":"https:\/\/tifomania.store\/fr\/wp-json\/wp\/v2\/tags?post=11374"}],"curies":[{"name":"wp","href":"https:\/\/api.w.org\/{rel}","templated":true}]}}