{"id":11428,"date":"2026-03-26T14:29:35","date_gmt":"2026-03-26T14:29:35","guid":{"rendered":"https:\/\/www.ilfoggia.com\/?p=24067"},"modified":"2026-03-26T14:29:35","modified_gmt":"2026-03-26T14:29:35","slug":"sentenza-tfn-il-foggia-non-e-piu-ultimo-siracusa-di-nuovo-penalizzato","status":"publish","type":"post","link":"https:\/\/tifomania.store\/fr\/sentenza-tfn-il-foggia-non-e-piu-ultimo-siracusa-di-nuovo-penalizzato\/","title":{"rendered":"Sentence TFN, Foggia n'est pas le dernier : Siracusa nouvellement p\u00e9nalis\u00e9e"},"content":{"rendered":"<div><img src=\"https:\/\/www.ilfoggia.com\/wp-content\/uploads\/2026\/03\/giustizia-sportiva-TFN-Tribunale-Federale-Nazionale.jpg\" class=\"ff-og-image-inserted\"><\/div><p>Il&nbsp;<strong>Foggia <\/strong>a obtenu la derni\u00e8re place dans le classement. Non pas, bien s\u00fbr, pour ce qui est du succ\u00e8s sur le terrain, mais pour la nouvelle sentence \u00e9manant de l'organe de la justice sportive. Le Tribunal f\u00e9d\u00e9ral national a inflig\u00e9 aujourd'hui une amende de 1,5 million d'euros.<strong> penalizzazione di cinque punti al Siracusa<\/strong>. L'organo si \u00e8 espresso stavolta in merito al deferimento del 5 Marzo scorso : il&nbsp;<strong>Siracusa&nbsp;<\/strong>(comme aussi le <strong>Trapani<\/strong>, di cui parliamo a parte) era stato sottoposto al giudizio per non aver provveduto, entro il termine del 16 febbraio 2026, al versamento dei contributi Inps e delle ritenute Irpef relativi alle mensilit\u00e0 di novembre e dicembre 2025. Il club aretuseo \u00e8 stato punito per non aver rispettato la scadenza e termina dunque <strong>en fond \u00e0 la classification<\/strong> con <strong>22 points<\/strong>, un de moins par rapport \u00e0 Foggia. Pour le pr\u00e9sident&nbsp;<strong>Alessandro Ricci<\/strong>, a sua volta deferito per responsabilit\u00e0 diretta, arrivano sette mesi di inibizione. Si l'on consid\u00e8re les 6 cas d\u00e9j\u00e0 trait\u00e9s pr\u00e9c\u00e9demment (paiement insuffisant lors de la cl\u00f4ture du 16 d\u00e9cembre dernier des indemnit\u00e9s et des contributions pour la p\u00e9riode septembre\/octobre 2025), on arrive \u00e0 11 sanctions totales pour l'\u00e9quipe de la Commission. <strong>Turati<\/strong>: senza penalit\u00e0, gli azzurri sarebbero quint'ultimi, un punto sopra il Picerno.<\/p>\n<div class=\"code-block code-block-1\">\n<div class=\"gptslot\" data-adunitid=\"7\">\n<div id=\"gpt-slot-1_7\" data-google-query-id=\"CJ73n8TcvZMDFc6JgwcdZV47WQ\">\n\n<\/div>\n<\/div>\n<\/div>\n<p>Depuis le d\u00e9but de l'ann\u00e9e, le Tfn a \u00e9t\u00e9 th\u00e9oriquement invit\u00e9 \u00e0 d\u00e9battre \u00e9galement de l'affaire. <strong>Trapani<\/strong>, come detto deferito per non aver a sua volta rispettato la medesima scadenza dello scorso 16 febbraio. Il dibattimento non c'\u00e8 per\u00f2 stato in quanto, com'era prevedibile, \u00e8 stata accolta<strong> l'istanza di rinvio al 31 marzo<\/strong>: la motivation est li\u00e9e au processus de deuxi\u00e8me grade relatif \u00e0 l'infraction du 16 d\u00e9cembre qui a donn\u00e9 lieu \u00e0 une p\u00e9nalisation de cinq points et qui se d\u00e9roulera le jour pr\u00e9c\u00e9dent, <strong>luned\u00ec 30 marzo<\/strong>. La<strong> Procura Federale<\/strong> si \u00e8 infatti appellata alla decisione del TFN e ha ribadito la richiesta di <strong>L'exclusion du championnat <\/strong>a carico della societ\u00e0 di <strong>Valerio Antonini<\/strong>. Une \u00e9ventualit\u00e9 qui pourrait provoquer un v\u00e9ritable bouleversement dans le classement, avec l'annulation de toutes les victoires obtenues par la grande \u00e9quipe.<\/p>\n<p>En revanche, dimanche \u00e0 Foggia, le match s'est jou\u00e9 contre Trapani. Un match qui reste un <strong>scontro diretto fondamentale<\/strong> che, in ogni caso e senza pensare a ci\u00f2 che potr\u00e0 succedere l'indomani, <strong>resta da vincere<\/strong>.<\/p>\n<p><em>Giancarlo Pugliese<\/em><\/p>\n<p>RIPRODUZIONE RISERVATA<\/p>\n\t\t<p><strong><a href=\"https:\/\/blockads.fivefilters.org\/\">Test Adblock<\/a><\/strong> <a href=\"https:\/\/blockads.fivefilters.org\/acceptable.html\">(Pourquoi ?)<\/a><\/p>","protected":false},"excerpt":{"rendered":"<p>Il&nbsp;Foggia lascia l\u2019ultimo posto in classifica. Non, purtroppo, per quanto successo sul campo, ma per la nuova sentenza emanata dall\u2019organo di giustizia sportivo. il Tribunale Federale Nazionale ha inflitto oggi una penalizzazione di cinque punti a&#8230;<\/p>","protected":false},"author":4,"featured_media":0,"comment_status":"closed","ping_status":"closed","sticky":false,"template":"","format":"standard","meta":{"footnotes":""},"categories":[375,170,376,377,378],"tags":[134],"class_list":["post-11428","post","type-post","status-publish","format-standard","hentry","category-foggia-trapani","category-news","category-sentenza-tfn","category-siracusa","category-trapani","tag-foggia"],"yoast_head":"<!-- This site is optimized with the Yoast SEO plugin v27.4 - https:\/\/yoast.com\/product\/yoast-seo-wordpress\/ -->\n<title>Sentenza TFN, il Foggia non \u00e8 pi\u00f9 ultimo: Siracusa di nuovo penalizzato<\/title>\n<meta name=\"robots\" content=\"index, follow, max-snippet:-1, max-image-preview:large, max-video-preview:-1\" \/>\n<link rel=\"canonical\" href=\"https:\/\/tifomania.store\/fr\/sentenza-tfn-il-foggia-non-e-piu-ultimo-siracusa-di-nuovo-penalizzato\/\" \/>\n<meta property=\"og:locale\" content=\"fr_FR\" \/>\n<meta property=\"og:type\" content=\"article\" \/>\n<meta property=\"og:title\" content=\"Sentenza TFN, il Foggia non \u00e8 pi\u00f9 ultimo: Siracusa di nuovo penalizzato\" \/>\n<meta property=\"og:description\" content=\"Il&nbsp;Foggia lascia l\u2019ultimo posto in classifica. Non, purtroppo, per quanto successo sul campo, ma per la nuova sentenza emanata dall\u2019organo di giustizia sportivo. il Tribunale Federale Nazionale ha inflitto oggi una penalizzazione di cinque punti a...\" \/>\n<meta property=\"og:url\" content=\"https:\/\/tifomania.store\/fr\/sentenza-tfn-il-foggia-non-e-piu-ultimo-siracusa-di-nuovo-penalizzato\/\" \/>\n<meta property=\"og:site_name\" content=\"Tifomania\" \/>\n<meta property=\"article:published_time\" content=\"2026-03-26T14:29:35+00:00\" \/>\n<meta property=\"og:image\" content=\"https:\/\/www.ilfoggia.com\/wp-content\/uploads\/2026\/03\/giustizia-sportiva-TFN-Tribunale-Federale-Nazionale.jpg\" \/>\n<meta name=\"author\" content=\"ILFG\" \/>\n<meta name=\"twitter:card\" content=\"summary_large_image\" \/>\n<meta name=\"twitter:label1\" content=\"\u00c9crit par\" \/>\n\t<meta name=\"twitter:data1\" content=\"ILFG\" \/>\n\t<meta name=\"twitter:label2\" content=\"Dur\u00e9e de lecture estim\u00e9e\" \/>\n\t<meta name=\"twitter:data2\" content=\"2 minutes\" \/>\n<script type=\"application\/ld+json\" class=\"yoast-schema-graph\">{\"@context\":\"https:\\\/\\\/schema.org\",\"@graph\":[{\"@type\":\"Article\",\"@id\":\"https:\\\/\\\/tifomania.store\\\/en\\\/sentenza-tfn-il-foggia-non-e-piu-ultimo-siracusa-di-nuovo-penalizzato\\\/#article\",\"isPartOf\":{\"@id\":\"https:\\\/\\\/tifomania.store\\\/en\\\/sentenza-tfn-il-foggia-non-e-piu-ultimo-siracusa-di-nuovo-penalizzato\\\/\"},\"author\":{\"name\":\"ILFG\",\"@id\":\"https:\\\/\\\/tifomania.store\\\/#\\\/schema\\\/person\\\/bda9e3a7b04e8c6e629c91b8370ec54d\"},\"headline\":\"Sentenza TFN, il Foggia non \u00e8 pi\u00f9 ultimo: Siracusa di nuovo penalizzato\",\"datePublished\":\"2026-03-26T14:29:35+00:00\",\"mainEntityOfPage\":{\"@id\":\"https:\\\/\\\/tifomania.store\\\/en\\\/sentenza-tfn-il-foggia-non-e-piu-ultimo-siracusa-di-nuovo-penalizzato\\\/\"},\"wordCount\":368,\"image\":{\"@id\":\"https:\\\/\\\/tifomania.store\\\/en\\\/sentenza-tfn-il-foggia-non-e-piu-ultimo-siracusa-di-nuovo-penalizzato\\\/#primaryimage\"},\"thumbnailUrl\":\"https:\\\/\\\/www.ilfoggia.com\\\/wp-content\\\/uploads\\\/2026\\\/03\\\/giustizia-sportiva-TFN-Tribunale-Federale-Nazionale.jpg\",\"keywords\":[\"Foggia\"],\"articleSection\":[\"Foggia Trapani\",\"News\",\"sentenza TFN\",\"Siracusa\",\"Trapani\"],\"inLanguage\":\"fr-FR\"},{\"@type\":\"WebPage\",\"@id\":\"https:\\\/\\\/tifomania.store\\\/en\\\/sentenza-tfn-il-foggia-non-e-piu-ultimo-siracusa-di-nuovo-penalizzato\\\/\",\"url\":\"https:\\\/\\\/tifomania.store\\\/en\\\/sentenza-tfn-il-foggia-non-e-piu-ultimo-siracusa-di-nuovo-penalizzato\\\/\",\"name\":\"Sentenza TFN, il Foggia non \u00e8 pi\u00f9 ultimo: Siracusa di nuovo penalizzato\",\"isPartOf\":{\"@id\":\"https:\\\/\\\/tifomania.store\\\/#website\"},\"primaryImageOfPage\":{\"@id\":\"https:\\\/\\\/tifomania.store\\\/en\\\/sentenza-tfn-il-foggia-non-e-piu-ultimo-siracusa-di-nuovo-penalizzato\\\/#primaryimage\"},\"image\":{\"@id\":\"https:\\\/\\\/tifomania.store\\\/en\\\/sentenza-tfn-il-foggia-non-e-piu-ultimo-siracusa-di-nuovo-penalizzato\\\/#primaryimage\"},\"thumbnailUrl\":\"https:\\\/\\\/www.ilfoggia.com\\\/wp-content\\\/uploads\\\/2026\\\/03\\\/giustizia-sportiva-TFN-Tribunale-Federale-Nazionale.jpg\",\"datePublished\":\"2026-03-26T14:29:35+00:00\",\"author\":{\"@id\":\"https:\\\/\\\/tifomania.store\\\/#\\\/schema\\\/person\\\/bda9e3a7b04e8c6e629c91b8370ec54d\"},\"breadcrumb\":{\"@id\":\"https:\\\/\\\/tifomania.store\\\/en\\\/sentenza-tfn-il-foggia-non-e-piu-ultimo-siracusa-di-nuovo-penalizzato\\\/#breadcrumb\"},\"inLanguage\":\"fr-FR\",\"potentialAction\":[{\"@type\":\"ReadAction\",\"target\":[\"https:\\\/\\\/tifomania.store\\\/en\\\/sentenza-tfn-il-foggia-non-e-piu-ultimo-siracusa-di-nuovo-penalizzato\\\/\"]}]},{\"@type\":\"ImageObject\",\"inLanguage\":\"fr-FR\",\"@id\":\"https:\\\/\\\/tifomania.store\\\/en\\\/sentenza-tfn-il-foggia-non-e-piu-ultimo-siracusa-di-nuovo-penalizzato\\\/#primaryimage\",\"url\":\"https:\\\/\\\/www.ilfoggia.com\\\/wp-content\\\/uploads\\\/2026\\\/03\\\/giustizia-sportiva-TFN-Tribunale-Federale-Nazionale.jpg\",\"contentUrl\":\"https:\\\/\\\/www.ilfoggia.com\\\/wp-content\\\/uploads\\\/2026\\\/03\\\/giustizia-sportiva-TFN-Tribunale-Federale-Nazionale.jpg\"},{\"@type\":\"BreadcrumbList\",\"@id\":\"https:\\\/\\\/tifomania.store\\\/en\\\/sentenza-tfn-il-foggia-non-e-piu-ultimo-siracusa-di-nuovo-penalizzato\\\/#breadcrumb\",\"itemListElement\":[{\"@type\":\"ListItem\",\"position\":1,\"name\":\"Home\",\"item\":\"https:\\\/\\\/tifomania.store\\\/en\\\/\"},{\"@type\":\"ListItem\",\"position\":2,\"name\":\"Sentenza TFN, il Foggia non \u00e8 pi\u00f9 ultimo: Siracusa di nuovo penalizzato\"}]},{\"@type\":\"WebSite\",\"@id\":\"https:\\\/\\\/tifomania.store\\\/#website\",\"url\":\"https:\\\/\\\/tifomania.store\\\/\",\"name\":\"Tifomania\",\"description\":\"Where Passion Becomes Play\",\"potentialAction\":[{\"@type\":\"SearchAction\",\"target\":{\"@type\":\"EntryPoint\",\"urlTemplate\":\"https:\\\/\\\/tifomania.store\\\/?s={search_term_string}\"},\"query-input\":{\"@type\":\"PropertyValueSpecification\",\"valueRequired\":true,\"valueName\":\"search_term_string\"}}],\"inLanguage\":\"fr-FR\"},{\"@type\":\"Person\",\"@id\":\"https:\\\/\\\/tifomania.store\\\/#\\\/schema\\\/person\\\/bda9e3a7b04e8c6e629c91b8370ec54d\",\"name\":\"ILFG\",\"image\":{\"@type\":\"ImageObject\",\"inLanguage\":\"fr-FR\",\"@id\":\"https:\\\/\\\/secure.gravatar.com\\\/avatar\\\/d7576f3359e02575a71807ba15ab8c105c7b5c36e8f5c7fac6eda23cbc7f13d0?s=96&d=mm&r=g\",\"url\":\"https:\\\/\\\/secure.gravatar.com\\\/avatar\\\/d7576f3359e02575a71807ba15ab8c105c7b5c36e8f5c7fac6eda23cbc7f13d0?s=96&d=mm&r=g\",\"contentUrl\":\"https:\\\/\\\/secure.gravatar.com\\\/avatar\\\/d7576f3359e02575a71807ba15ab8c105c7b5c36e8f5c7fac6eda23cbc7f13d0?s=96&d=mm&r=g\",\"caption\":\"ILFG\"},\"url\":\"https:\\\/\\\/tifomania.store\\\/fr\\\/author\\\/ilfg\\\/\"}]}<\/script>\n<!-- \/ Yoast SEO plugin. -->","yoast_head_json":{"title":"Sentence TFN, Foggia n'est pas le dernier : Siracusa nouvellement p\u00e9nalis\u00e9e","robots":{"index":"index","follow":"follow","max-snippet":"max-snippet:-1","max-image-preview":"max-image-preview:large","max-video-preview":"max-video-preview:-1"},"canonical":"https:\/\/tifomania.store\/fr\/sentenza-tfn-il-foggia-non-e-piu-ultimo-siracusa-di-nuovo-penalizzato\/","og_locale":"fr_FR","og_type":"article","og_title":"Sentenza TFN, il Foggia non \u00e8 pi\u00f9 ultimo: Siracusa di nuovo penalizzato","og_description":"Il&nbsp;Foggia lascia l\u2019ultimo posto in classifica. Non, purtroppo, per quanto successo sul campo, ma per la nuova sentenza emanata dall\u2019organo di giustizia sportivo. il Tribunale Federale Nazionale ha inflitto oggi una penalizzazione di cinque punti a...","og_url":"https:\/\/tifomania.store\/fr\/sentenza-tfn-il-foggia-non-e-piu-ultimo-siracusa-di-nuovo-penalizzato\/","og_site_name":"Tifomania","article_published_time":"2026-03-26T14:29:35+00:00","og_image":[{"url":"https:\/\/www.ilfoggia.com\/wp-content\/uploads\/2026\/03\/giustizia-sportiva-TFN-Tribunale-Federale-Nazionale.jpg","type":"","width":"","height":""}],"author":"ILFG","twitter_card":"summary_large_image","twitter_misc":{"\u00c9crit par":"ILFG","Dur\u00e9e de lecture estim\u00e9e":"2 minutes"},"schema":{"@context":"https:\/\/schema.org","@graph":[{"@type":"Article","@id":"https:\/\/tifomania.store\/en\/sentenza-tfn-il-foggia-non-e-piu-ultimo-siracusa-di-nuovo-penalizzato\/#article","isPartOf":{"@id":"https:\/\/tifomania.store\/en\/sentenza-tfn-il-foggia-non-e-piu-ultimo-siracusa-di-nuovo-penalizzato\/"},"author":{"name":"ILFG","@id":"https:\/\/tifomania.store\/#\/schema\/person\/bda9e3a7b04e8c6e629c91b8370ec54d"},"headline":"Sentenza TFN, il Foggia non \u00e8 pi\u00f9 ultimo: Siracusa di nuovo penalizzato","datePublished":"2026-03-26T14:29:35+00:00","mainEntityOfPage":{"@id":"https:\/\/tifomania.store\/en\/sentenza-tfn-il-foggia-non-e-piu-ultimo-siracusa-di-nuovo-penalizzato\/"},"wordCount":368,"image":{"@id":"https:\/\/tifomania.store\/en\/sentenza-tfn-il-foggia-non-e-piu-ultimo-siracusa-di-nuovo-penalizzato\/#primaryimage"},"thumbnailUrl":"https:\/\/www.ilfoggia.com\/wp-content\/uploads\/2026\/03\/giustizia-sportiva-TFN-Tribunale-Federale-Nazionale.jpg","keywords":["Foggia"],"articleSection":["Foggia Trapani","News","sentenza TFN","Siracusa","Trapani"],"inLanguage":"fr-FR"},{"@type":"WebPage","@id":"https:\/\/tifomania.store\/en\/sentenza-tfn-il-foggia-non-e-piu-ultimo-siracusa-di-nuovo-penalizzato\/","url":"https:\/\/tifomania.store\/en\/sentenza-tfn-il-foggia-non-e-piu-ultimo-siracusa-di-nuovo-penalizzato\/","name":"Sentence TFN, Foggia n'est pas le dernier : Siracusa nouvellement p\u00e9nalis\u00e9e","isPartOf":{"@id":"https:\/\/tifomania.store\/#website"},"primaryImageOfPage":{"@id":"https:\/\/tifomania.store\/en\/sentenza-tfn-il-foggia-non-e-piu-ultimo-siracusa-di-nuovo-penalizzato\/#primaryimage"},"image":{"@id":"https:\/\/tifomania.store\/en\/sentenza-tfn-il-foggia-non-e-piu-ultimo-siracusa-di-nuovo-penalizzato\/#primaryimage"},"thumbnailUrl":"https:\/\/www.ilfoggia.com\/wp-content\/uploads\/2026\/03\/giustizia-sportiva-TFN-Tribunale-Federale-Nazionale.jpg","datePublished":"2026-03-26T14:29:35+00:00","author":{"@id":"https:\/\/tifomania.store\/#\/schema\/person\/bda9e3a7b04e8c6e629c91b8370ec54d"},"breadcrumb":{"@id":"https:\/\/tifomania.store\/en\/sentenza-tfn-il-foggia-non-e-piu-ultimo-siracusa-di-nuovo-penalizzato\/#breadcrumb"},"inLanguage":"fr-FR","potentialAction":[{"@type":"ReadAction","target":["https:\/\/tifomania.store\/en\/sentenza-tfn-il-foggia-non-e-piu-ultimo-siracusa-di-nuovo-penalizzato\/"]}]},{"@type":"ImageObject","inLanguage":"fr-FR","@id":"https:\/\/tifomania.store\/en\/sentenza-tfn-il-foggia-non-e-piu-ultimo-siracusa-di-nuovo-penalizzato\/#primaryimage","url":"https:\/\/www.ilfoggia.com\/wp-content\/uploads\/2026\/03\/giustizia-sportiva-TFN-Tribunale-Federale-Nazionale.jpg","contentUrl":"https:\/\/www.ilfoggia.com\/wp-content\/uploads\/2026\/03\/giustizia-sportiva-TFN-Tribunale-Federale-Nazionale.jpg"},{"@type":"BreadcrumbList","@id":"https:\/\/tifomania.store\/en\/sentenza-tfn-il-foggia-non-e-piu-ultimo-siracusa-di-nuovo-penalizzato\/#breadcrumb","itemListElement":[{"@type":"ListItem","position":1,"name":"Home","item":"https:\/\/tifomania.store\/en\/"},{"@type":"ListItem","position":2,"name":"Sentenza TFN, il Foggia non \u00e8 pi\u00f9 ultimo: Siracusa di nuovo penalizzato"}]},{"@type":"WebSite","@id":"https:\/\/tifomania.store\/#website","url":"https:\/\/tifomania.store\/","name":"Tifomania","description":"Quand la passion devient jeu","potentialAction":[{"@type":"SearchAction","target":{"@type":"EntryPoint","urlTemplate":"https:\/\/tifomania.store\/?s={search_term_string}"},"query-input":{"@type":"PropertyValueSpecification","valueRequired":true,"valueName":"search_term_string"}}],"inLanguage":"fr-FR"},{"@type":"Person","@id":"https:\/\/tifomania.store\/#\/schema\/person\/bda9e3a7b04e8c6e629c91b8370ec54d","name":"ILFG","image":{"@type":"ImageObject","inLanguage":"fr-FR","@id":"https:\/\/secure.gravatar.com\/avatar\/d7576f3359e02575a71807ba15ab8c105c7b5c36e8f5c7fac6eda23cbc7f13d0?s=96&d=mm&r=g","url":"https:\/\/secure.gravatar.com\/avatar\/d7576f3359e02575a71807ba15ab8c105c7b5c36e8f5c7fac6eda23cbc7f13d0?s=96&d=mm&r=g","contentUrl":"https:\/\/secure.gravatar.com\/avatar\/d7576f3359e02575a71807ba15ab8c105c7b5c36e8f5c7fac6eda23cbc7f13d0?s=96&d=mm&r=g","caption":"ILFG"},"url":"https:\/\/tifomania.store\/fr\/author\/ilfg\/"}]}},"_links":{"self":[{"href":"https:\/\/tifomania.store\/fr\/wp-json\/wp\/v2\/posts\/11428","targetHints":{"allow":["GET"]}}],"collection":[{"href":"https:\/\/tifomania.store\/fr\/wp-json\/wp\/v2\/posts"}],"about":[{"href":"https:\/\/tifomania.store\/fr\/wp-json\/wp\/v2\/types\/post"}],"author":[{"embeddable":true,"href":"https:\/\/tifomania.store\/fr\/wp-json\/wp\/v2\/users\/4"}],"replies":[{"embeddable":true,"href":"https:\/\/tifomania.store\/fr\/wp-json\/wp\/v2\/comments?post=11428"}],"version-history":[{"count":1,"href":"https:\/\/tifomania.store\/fr\/wp-json\/wp\/v2\/posts\/11428\/revisions"}],"predecessor-version":[{"id":11429,"href":"https:\/\/tifomania.store\/fr\/wp-json\/wp\/v2\/posts\/11428\/revisions\/11429"}],"wp:attachment":[{"href":"https:\/\/tifomania.store\/fr\/wp-json\/wp\/v2\/media?parent=11428"}],"wp:term":[{"taxonomy":"category","embeddable":true,"href":"https:\/\/tifomania.store\/fr\/wp-json\/wp\/v2\/categories?post=11428"},{"taxonomy":"post_tag","embeddable":true,"href":"https:\/\/tifomania.store\/fr\/wp-json\/wp\/v2\/tags?post=11428"}],"curies":[{"name":"wp","href":"https:\/\/api.w.org\/{rel}","templated":true}]}}