{"id":11438,"date":"2026-04-08T15:07:02","date_gmt":"2026-04-08T15:07:02","guid":{"rendered":"https:\/\/www.ilfoggia.com\/?p=24074"},"modified":"2026-04-08T15:07:02","modified_gmt":"2026-04-08T15:07:02","slug":"finisse-presto-da-zenica-a-cosenza-passando-per-siracusa-la-settimana-di-rino-la-forgia","status":"publish","type":"post","link":"https:\/\/tifomania.store\/fr\/finisse-presto-da-zenica-a-cosenza-passando-per-siracusa-la-settimana-di-rino-la-forgia\/","title":{"rendered":"...Finisse presto \/ De Zenica \u00e0 Cosenza en passant par\u2026 Syracuse : la semaine de Rino La Forgia"},"content":{"rendered":"<h5><em>\u2026FINISSEZ VITE <\/em><\/h5>\n<p><strong><em>Drame national.<\/em><\/strong><br>Il faut absolument dire deux mots sur la honteuse \u00e9limination, la troisi\u00e8me d'affil\u00e9e, lors de la Coupe du Monde. Vous verrez, nous sommes en Italie, tout va changer... pour ne rien changer. Qui a \u00e9lu Gravina ? Des d\u00e9missions, en Italie ? Mais si m\u00eame Gattuso a confirm\u00e9 (ou a \u00e9t\u00e9 confirm\u00e9) en conf\u00e9rence de presse d'apr\u00e8s match...<br>Comme d'habitude, dans l'actualit\u00e9, le clown habituel ouvrira la porte \u00e0 la possibilit\u00e9 que cette petite Italie puisse remplacer une s\u00e9lection nationale en difficult\u00e9 (pour des raisons de guerre, par exemple), tout comme il y aura la d'habitude farandole de selfies de nos h\u00e9ros pendant les vacances. H\u00e9ros aussi parce qu'ils ont d\u00fb renoncer au bonus de qualification.<br>S\u00e9rieusement, prenez plut\u00f4t exemple sur les Bosniaques, pour leur histoire, pour leur sentiment d'appartenance.<br>Il y aurait tant, trop de choses \u00e0 dire, mais comme le dit un vieil adage, nous avons le \u201c mort dans la maison \u201d, il convient de penser \u00e0 nos affaires.<\/p>\n<p><strong><em><img src=\"https:\/\/www.ilfoggia.com\/wp-content\/uploads\/2026\/04\/Cosenza-Foggia-Florenzi-Staver-300x213.png\" loading=\"lazy\" class=\"wp-image-24078 alignleft\" alt width=\"418\" height=\"297\" srcset=\"https:\/\/www.ilfoggia.com\/wp-content\/uploads\/2026\/04\/Cosenza-Foggia-Florenzi-Staver-300x213.png 300w, https:\/\/www.ilfoggia.com\/wp-content\/uploads\/2026\/04\/Cosenza-Foggia-Florenzi-Staver.png 695w\" sizes=\"(max-width: 418px) 100vw, 418px\"><\/em><\/strong><\/p><noscript><img loading=\"lazy\" class=\"wp-image-24078 alignleft\" src=\"https:\/\/www.ilfoggia.com\/wp-content\/uploads\/2026\/04\/Cosenza-Foggia-Florenzi-Staver-300x213.png\" alt width=\"418\" height=\"297\" srcset=\"https:\/\/www.ilfoggia.com\/wp-content\/uploads\/2026\/04\/Cosenza-Foggia-Florenzi-Staver-300x213.png 300w, https:\/\/www.ilfoggia.com\/wp-content\/uploads\/2026\/04\/Cosenza-Foggia-Florenzi-Staver.png 695w\" sizes=\"(max-width: 418px) 100vw, 418px\"><\/noscript>Cosenza-Foggia.<br>D\u00e9crire ce match rel\u00e8ve d'une entreprise par certains aspects, car on ne peut pas dire qu'il y ait eu un excellent Foggia, pas plus qu'on ne peut dire que tout soit all\u00e9 \u00e0 la poubelle.<br>Sur le papier, le match \u00e9tait pli\u00e9 avant m\u00eame de commencer, compte tenu des positions au classement, des \u00e9carts de points, de la valeur des joueurs et de la p\u00e9riode extr\u00eamement favorable du club calabrais en termes de forme. Il faut dire aussi que d'une \u00e9quipe \u00e0 traction avant, nous n'avons \u201cque\u201d conc\u00e9d\u00e9 un but. Cette diff\u00e9rence sur le terrain n'a pas \u00e9t\u00e9 si marquante. Il faut dire que nous avons appr\u00e9ci\u00e9 le pressing sur les d\u00e9fenseurs adverses lors de la construction du jeu.<br>Le revers de la m\u00e9daille est que nous avons tout de m\u00eame encaiss\u00e9 un but qui ne se voit m\u00eame pas dans les tournois de paroisse\u2026 Que malgr\u00e9 une d\u00e9fense adverse parfois superficielle, nous n'avons pas \u00e9t\u00e9 capables de noter le gardien calabrais faute d'activit\u00e9. Nos joueurs savent-ils que s'ils atteignent les play-offs, il faudra marquer ?\n<p><em><strong>Arbitro.<\/strong><\/em><br>Si nous nous accrochons au seul \u00e9pisode, \u00e0 quelques secondes de la fin, sur lequel nous pouvons r\u00e9clamer quelque chose, cela signifie que nous n'avons rien compris.<br>Vero, comme dit Casillo, qu'il faut s'accrocher aux \u00e9pisodes, mais cela peut-il justifier de m\u00e9riter un r\u00e9sultat positif ? Ensuite, il est clair que si un arbitre survole m\u00eame un \u00e9pisode d\u00e9terminant... En outre, si nous voulons, plus que l'\u00e9pisode incrimin\u00e9, je me concentrerais plut\u00f4t sur le penalty accord\u00e9 aux Calabrais, qui, selon nous, semble avoir \u00e9t\u00e9 donn\u00e9 gratuitement et malgr\u00e9 l'aide de cette chose inutile et nuisible qu'est la VAR. Voil\u00e0, sur le 2-0, vous n'auriez m\u00eame pas eu de quoi vous plaindre.<\/p>\n<p><strong><em>La Squadra.<img src=\"https:\/\/www.ilfoggia.com\/wp-content\/uploads\/2026\/02\/IMG_6207-300x200.jpg\" loading=\"lazy\" class=\"wp-image-23957 alignright\" alt width=\"409\" height=\"272\" srcset=\"https:\/\/www.ilfoggia.com\/wp-content\/uploads\/2026\/02\/IMG_6207-300x200.jpg 300w, https:\/\/www.ilfoggia.com\/wp-content\/uploads\/2026\/02\/IMG_6207-1024x683.jpg 1024w, https:\/\/www.ilfoggia.com\/wp-content\/uploads\/2026\/02\/IMG_6207-768x512.jpg 768w, https:\/\/www.ilfoggia.com\/wp-content\/uploads\/2026\/02\/IMG_6207-1536x1024.jpg 1536w, https:\/\/www.ilfoggia.com\/wp-content\/uploads\/2026\/02\/IMG_6207-2048x1365.jpg 2048w\" sizes=\"(max-width: 409px) 100vw, 409px\"><\/em><\/strong><\/p><noscript><img loading=\"lazy\" class=\"wp-image-23957 alignright\" src=\"https:\/\/www.ilfoggia.com\/wp-content\/uploads\/2026\/02\/IMG_6207-300x200.jpg\" alt width=\"409\" height=\"272\" srcset=\"https:\/\/www.ilfoggia.com\/wp-content\/uploads\/2026\/02\/IMG_6207-300x200.jpg 300w, https:\/\/www.ilfoggia.com\/wp-content\/uploads\/2026\/02\/IMG_6207-1024x683.jpg 1024w, https:\/\/www.ilfoggia.com\/wp-content\/uploads\/2026\/02\/IMG_6207-768x512.jpg 768w, https:\/\/www.ilfoggia.com\/wp-content\/uploads\/2026\/02\/IMG_6207-1536x1024.jpg 1536w, https:\/\/www.ilfoggia.com\/wp-content\/uploads\/2026\/02\/IMG_6207-2048x1365.jpg 2048w\" sizes=\"(max-width: 409px) 100vw, 409px\"><\/noscript><br>Je suis d\u00e9sol\u00e9 de le dire, mais je ne sais pas jusqu'o\u00f9 il y a unit\u00e9 d'intention. Ce que nous constatons, m\u00eame sans \u00eatre des initi\u00e9s, c'est que ceux qui auraient d\u00fb \u00e9lever la qualit\u00e9 du jeu sont de parfaits fant\u00f4mes. Inversement, d'autres, qui viennent de Serie D, qui jusqu'\u00e0 pr\u00e9sent n'ont pas r\u00e9clam\u00e9 une place dans l'\u00e9quipe, se r\u00e9v\u00e8lent au contraire des \u00e9l\u00e9ments positifs. Nommer des noms est d\u00e9sagr\u00e9able, mais nous regardons tous les matchs.\n<p><em><strong>Futur.<\/strong><\/em><br>Nous ne savons pas comment cela se terminera, mais nous esp\u00e9rons<em> finisca presto<\/em>. Pendant ce temps, derri\u00e8re le coin, il y a un malheureux Syracuse qui fait pourtant de son mieux malgr\u00e9 tout. Nos joueurs seront-ils capables de ne pas perdre le match et la face ?<\/p>\n<p><em>Rino La Forgia<\/em><\/p>\n<p>RIPRODUZIONE RISERVATA<\/p>\n\t\t<p><strong><a href=\"https:\/\/blockads.fivefilters.org\/\">Test Adblock<\/a><\/strong> <a href=\"https:\/\/blockads.fivefilters.org\/acceptable.html\">(Pourquoi ?)<\/a><\/p>","protected":false},"excerpt":{"rendered":"<p>\u2026FINISSEZ VITE<br \/>\nDramma Nazionale.D\u2019obbligo spendere due parole sulla vergognosa e terza estromissione dai mondiali. Vedrete, siamo in Italia, cambier\u00e0 tutto\u2026per non cambiare nulla. Chi ha eletto Gravina? Dimissioni, in Italia? Ma se in conferenza stam&#8230;<\/p>","protected":false},"author":4,"featured_media":0,"comment_status":"closed","ping_status":"closed","sticky":false,"template":"","format":"standard","meta":{"footnotes":""},"categories":[379,380,170],"tags":[134],"class_list":["post-11438","post","type-post","status-publish","format-standard","hentry","category-cosenza-foggia","category-nazionale-italiana","category-news","tag-foggia"],"yoast_head":"<!-- This site is optimized with the Yoast SEO plugin v27.4 - https:\/\/yoast.com\/product\/yoast-seo-wordpress\/ -->\n<title>\u2026Finisse presto \/ Da Zenica a Cosenza passando per\u2026 Siracusa : la Settimana di Rino La Forgia<\/title>\n<meta name=\"robots\" content=\"index, follow, max-snippet:-1, max-image-preview:large, max-video-preview:-1\" \/>\n<link rel=\"canonical\" href=\"https:\/\/tifomania.store\/fr\/finisse-presto-da-zenica-a-cosenza-passando-per-siracusa-la-settimana-di-rino-la-forgia\/\" \/>\n<meta property=\"og:locale\" content=\"fr_FR\" \/>\n<meta property=\"og:type\" content=\"article\" \/>\n<meta property=\"og:title\" content=\"\u2026Finisse presto \/ Da Zenica a Cosenza passando per\u2026 Siracusa : la Settimana di Rino La Forgia\" \/>\n<meta property=\"og:description\" content=\"\u2026FINISSE PRESTO Dramma Nazionale.D\u2019obbligo spendere due parole sulla vergognosa e terza estromissione dai mondiali. Vedrete, siamo in Italia, cambier\u00e0 tutto\u2026per non cambiare nulla. Chi ha eletto Gravina? Dimissioni, in Italia? Ma se in conferenza stam...\" \/>\n<meta property=\"og:url\" content=\"https:\/\/tifomania.store\/fr\/finisse-presto-da-zenica-a-cosenza-passando-per-siracusa-la-settimana-di-rino-la-forgia\/\" \/>\n<meta property=\"og:site_name\" content=\"Tifomania\" \/>\n<meta property=\"article:published_time\" content=\"2026-04-08T15:07:02+00:00\" \/>\n<meta name=\"author\" content=\"ILFG\" \/>\n<meta name=\"twitter:card\" content=\"summary_large_image\" \/>\n<meta name=\"twitter:label1\" content=\"\u00c9crit par\" \/>\n\t<meta name=\"twitter:data1\" content=\"ILFG\" \/>\n\t<meta name=\"twitter:label2\" content=\"Dur\u00e9e de lecture estim\u00e9e\" \/>\n\t<meta name=\"twitter:data2\" content=\"3 minutes\" \/>\n<script type=\"application\/ld+json\" class=\"yoast-schema-graph\">{\"@context\":\"https:\\\/\\\/schema.org\",\"@graph\":[{\"@type\":\"Article\",\"@id\":\"https:\\\/\\\/tifomania.store\\\/es\\\/finisse-presto-da-zenica-a-cosenza-passando-per-siracusa-la-settimana-di-rino-la-forgia\\\/#article\",\"isPartOf\":{\"@id\":\"https:\\\/\\\/tifomania.store\\\/es\\\/finisse-presto-da-zenica-a-cosenza-passando-per-siracusa-la-settimana-di-rino-la-forgia\\\/\"},\"author\":{\"name\":\"ILFG\",\"@id\":\"https:\\\/\\\/tifomania.store\\\/#\\\/schema\\\/person\\\/bda9e3a7b04e8c6e629c91b8370ec54d\"},\"headline\":\"\u2026Finisse presto \\\/ Da Zenica a Cosenza passando per\u2026 Siracusa : la Settimana di Rino La Forgia\",\"datePublished\":\"2026-04-08T15:07:02+00:00\",\"mainEntityOfPage\":{\"@id\":\"https:\\\/\\\/tifomania.store\\\/es\\\/finisse-presto-da-zenica-a-cosenza-passando-per-siracusa-la-settimana-di-rino-la-forgia\\\/\"},\"wordCount\":528,\"image\":{\"@id\":\"https:\\\/\\\/tifomania.store\\\/es\\\/finisse-presto-da-zenica-a-cosenza-passando-per-siracusa-la-settimana-di-rino-la-forgia\\\/#primaryimage\"},\"thumbnailUrl\":\"https:\\\/\\\/www.ilfoggia.com\\\/wp-content\\\/uploads\\\/2026\\\/04\\\/Cosenza-Foggia-Florenzi-Staver-300x213.png\",\"keywords\":[\"Foggia\"],\"articleSection\":[\"Cosenza-Foggia\",\"Nazionale italiana\",\"News\"],\"inLanguage\":\"fr-FR\"},{\"@type\":\"WebPage\",\"@id\":\"https:\\\/\\\/tifomania.store\\\/es\\\/finisse-presto-da-zenica-a-cosenza-passando-per-siracusa-la-settimana-di-rino-la-forgia\\\/\",\"url\":\"https:\\\/\\\/tifomania.store\\\/es\\\/finisse-presto-da-zenica-a-cosenza-passando-per-siracusa-la-settimana-di-rino-la-forgia\\\/\",\"name\":\"\u2026Finisse presto \\\/ Da Zenica a Cosenza passando per\u2026 Siracusa : la Settimana di Rino La Forgia\",\"isPartOf\":{\"@id\":\"https:\\\/\\\/tifomania.store\\\/#website\"},\"primaryImageOfPage\":{\"@id\":\"https:\\\/\\\/tifomania.store\\\/es\\\/finisse-presto-da-zenica-a-cosenza-passando-per-siracusa-la-settimana-di-rino-la-forgia\\\/#primaryimage\"},\"image\":{\"@id\":\"https:\\\/\\\/tifomania.store\\\/es\\\/finisse-presto-da-zenica-a-cosenza-passando-per-siracusa-la-settimana-di-rino-la-forgia\\\/#primaryimage\"},\"thumbnailUrl\":\"https:\\\/\\\/www.ilfoggia.com\\\/wp-content\\\/uploads\\\/2026\\\/04\\\/Cosenza-Foggia-Florenzi-Staver-300x213.png\",\"datePublished\":\"2026-04-08T15:07:02+00:00\",\"author\":{\"@id\":\"https:\\\/\\\/tifomania.store\\\/#\\\/schema\\\/person\\\/bda9e3a7b04e8c6e629c91b8370ec54d\"},\"breadcrumb\":{\"@id\":\"https:\\\/\\\/tifomania.store\\\/es\\\/finisse-presto-da-zenica-a-cosenza-passando-per-siracusa-la-settimana-di-rino-la-forgia\\\/#breadcrumb\"},\"inLanguage\":\"fr-FR\",\"potentialAction\":[{\"@type\":\"ReadAction\",\"target\":[\"https:\\\/\\\/tifomania.store\\\/es\\\/finisse-presto-da-zenica-a-cosenza-passando-per-siracusa-la-settimana-di-rino-la-forgia\\\/\"]}]},{\"@type\":\"ImageObject\",\"inLanguage\":\"fr-FR\",\"@id\":\"https:\\\/\\\/tifomania.store\\\/es\\\/finisse-presto-da-zenica-a-cosenza-passando-per-siracusa-la-settimana-di-rino-la-forgia\\\/#primaryimage\",\"url\":\"https:\\\/\\\/www.ilfoggia.com\\\/wp-content\\\/uploads\\\/2026\\\/04\\\/Cosenza-Foggia-Florenzi-Staver-300x213.png\",\"contentUrl\":\"https:\\\/\\\/www.ilfoggia.com\\\/wp-content\\\/uploads\\\/2026\\\/04\\\/Cosenza-Foggia-Florenzi-Staver-300x213.png\"},{\"@type\":\"BreadcrumbList\",\"@id\":\"https:\\\/\\\/tifomania.store\\\/es\\\/finisse-presto-da-zenica-a-cosenza-passando-per-siracusa-la-settimana-di-rino-la-forgia\\\/#breadcrumb\",\"itemListElement\":[{\"@type\":\"ListItem\",\"position\":1,\"name\":\"Home\",\"item\":\"https:\\\/\\\/tifomania.store\\\/en\\\/\"},{\"@type\":\"ListItem\",\"position\":2,\"name\":\"\u2026Finisse presto \\\/ Da Zenica a Cosenza passando per\u2026 Siracusa : la Settimana di Rino La Forgia\"}]},{\"@type\":\"WebSite\",\"@id\":\"https:\\\/\\\/tifomania.store\\\/#website\",\"url\":\"https:\\\/\\\/tifomania.store\\\/\",\"name\":\"Tifomania\",\"description\":\"Where Passion Becomes Play\",\"potentialAction\":[{\"@type\":\"SearchAction\",\"target\":{\"@type\":\"EntryPoint\",\"urlTemplate\":\"https:\\\/\\\/tifomania.store\\\/?s={search_term_string}\"},\"query-input\":{\"@type\":\"PropertyValueSpecification\",\"valueRequired\":true,\"valueName\":\"search_term_string\"}}],\"inLanguage\":\"fr-FR\"},{\"@type\":\"Person\",\"@id\":\"https:\\\/\\\/tifomania.store\\\/#\\\/schema\\\/person\\\/bda9e3a7b04e8c6e629c91b8370ec54d\",\"name\":\"ILFG\",\"image\":{\"@type\":\"ImageObject\",\"inLanguage\":\"fr-FR\",\"@id\":\"https:\\\/\\\/secure.gravatar.com\\\/avatar\\\/d7576f3359e02575a71807ba15ab8c105c7b5c36e8f5c7fac6eda23cbc7f13d0?s=96&d=mm&r=g\",\"url\":\"https:\\\/\\\/secure.gravatar.com\\\/avatar\\\/d7576f3359e02575a71807ba15ab8c105c7b5c36e8f5c7fac6eda23cbc7f13d0?s=96&d=mm&r=g\",\"contentUrl\":\"https:\\\/\\\/secure.gravatar.com\\\/avatar\\\/d7576f3359e02575a71807ba15ab8c105c7b5c36e8f5c7fac6eda23cbc7f13d0?s=96&d=mm&r=g\",\"caption\":\"ILFG\"},\"url\":\"https:\\\/\\\/tifomania.store\\\/fr\\\/author\\\/ilfg\\\/\"}]}<\/script>\n<!-- \/ Yoast SEO plugin. -->","yoast_head_json":{"title":"...Finisse presto \/ De Zenica \u00e0 Cosenza en passant par\u2026 Syracuse : la semaine de Rino La Forgia","robots":{"index":"index","follow":"follow","max-snippet":"max-snippet:-1","max-image-preview":"max-image-preview:large","max-video-preview":"max-video-preview:-1"},"canonical":"https:\/\/tifomania.store\/fr\/finisse-presto-da-zenica-a-cosenza-passando-per-siracusa-la-settimana-di-rino-la-forgia\/","og_locale":"fr_FR","og_type":"article","og_title":"\u2026Finisse presto \/ Da Zenica a Cosenza passando per\u2026 Siracusa : la Settimana di Rino La Forgia","og_description":"\u2026FINISSE PRESTO Dramma Nazionale.D\u2019obbligo spendere due parole sulla vergognosa e terza estromissione dai mondiali. Vedrete, siamo in Italia, cambier\u00e0 tutto\u2026per non cambiare nulla. Chi ha eletto Gravina? Dimissioni, in Italia? Ma se in conferenza stam...","og_url":"https:\/\/tifomania.store\/fr\/finisse-presto-da-zenica-a-cosenza-passando-per-siracusa-la-settimana-di-rino-la-forgia\/","og_site_name":"Tifomania","article_published_time":"2026-04-08T15:07:02+00:00","author":"ILFG","twitter_card":"summary_large_image","twitter_misc":{"\u00c9crit par":"ILFG","Dur\u00e9e de lecture estim\u00e9e":"3 minutes"},"schema":{"@context":"https:\/\/schema.org","@graph":[{"@type":"Article","@id":"https:\/\/tifomania.store\/es\/finisse-presto-da-zenica-a-cosenza-passando-per-siracusa-la-settimana-di-rino-la-forgia\/#article","isPartOf":{"@id":"https:\/\/tifomania.store\/es\/finisse-presto-da-zenica-a-cosenza-passando-per-siracusa-la-settimana-di-rino-la-forgia\/"},"author":{"name":"ILFG","@id":"https:\/\/tifomania.store\/#\/schema\/person\/bda9e3a7b04e8c6e629c91b8370ec54d"},"headline":"\u2026Finisse presto \/ Da Zenica a Cosenza passando per\u2026 Siracusa : la Settimana di Rino La Forgia","datePublished":"2026-04-08T15:07:02+00:00","mainEntityOfPage":{"@id":"https:\/\/tifomania.store\/es\/finisse-presto-da-zenica-a-cosenza-passando-per-siracusa-la-settimana-di-rino-la-forgia\/"},"wordCount":528,"image":{"@id":"https:\/\/tifomania.store\/es\/finisse-presto-da-zenica-a-cosenza-passando-per-siracusa-la-settimana-di-rino-la-forgia\/#primaryimage"},"thumbnailUrl":"https:\/\/www.ilfoggia.com\/wp-content\/uploads\/2026\/04\/Cosenza-Foggia-Florenzi-Staver-300x213.png","keywords":["Foggia"],"articleSection":["Cosenza-Foggia","Nazionale italiana","News"],"inLanguage":"fr-FR"},{"@type":"WebPage","@id":"https:\/\/tifomania.store\/es\/finisse-presto-da-zenica-a-cosenza-passando-per-siracusa-la-settimana-di-rino-la-forgia\/","url":"https:\/\/tifomania.store\/es\/finisse-presto-da-zenica-a-cosenza-passando-per-siracusa-la-settimana-di-rino-la-forgia\/","name":"...Finisse presto \/ De Zenica \u00e0 Cosenza en passant par\u2026 Syracuse : la semaine de Rino La Forgia","isPartOf":{"@id":"https:\/\/tifomania.store\/#website"},"primaryImageOfPage":{"@id":"https:\/\/tifomania.store\/es\/finisse-presto-da-zenica-a-cosenza-passando-per-siracusa-la-settimana-di-rino-la-forgia\/#primaryimage"},"image":{"@id":"https:\/\/tifomania.store\/es\/finisse-presto-da-zenica-a-cosenza-passando-per-siracusa-la-settimana-di-rino-la-forgia\/#primaryimage"},"thumbnailUrl":"https:\/\/www.ilfoggia.com\/wp-content\/uploads\/2026\/04\/Cosenza-Foggia-Florenzi-Staver-300x213.png","datePublished":"2026-04-08T15:07:02+00:00","author":{"@id":"https:\/\/tifomania.store\/#\/schema\/person\/bda9e3a7b04e8c6e629c91b8370ec54d"},"breadcrumb":{"@id":"https:\/\/tifomania.store\/es\/finisse-presto-da-zenica-a-cosenza-passando-per-siracusa-la-settimana-di-rino-la-forgia\/#breadcrumb"},"inLanguage":"fr-FR","potentialAction":[{"@type":"ReadAction","target":["https:\/\/tifomania.store\/es\/finisse-presto-da-zenica-a-cosenza-passando-per-siracusa-la-settimana-di-rino-la-forgia\/"]}]},{"@type":"ImageObject","inLanguage":"fr-FR","@id":"https:\/\/tifomania.store\/es\/finisse-presto-da-zenica-a-cosenza-passando-per-siracusa-la-settimana-di-rino-la-forgia\/#primaryimage","url":"https:\/\/www.ilfoggia.com\/wp-content\/uploads\/2026\/04\/Cosenza-Foggia-Florenzi-Staver-300x213.png","contentUrl":"https:\/\/www.ilfoggia.com\/wp-content\/uploads\/2026\/04\/Cosenza-Foggia-Florenzi-Staver-300x213.png"},{"@type":"BreadcrumbList","@id":"https:\/\/tifomania.store\/es\/finisse-presto-da-zenica-a-cosenza-passando-per-siracusa-la-settimana-di-rino-la-forgia\/#breadcrumb","itemListElement":[{"@type":"ListItem","position":1,"name":"Home","item":"https:\/\/tifomania.store\/en\/"},{"@type":"ListItem","position":2,"name":"\u2026Finisse presto \/ Da Zenica a Cosenza passando per\u2026 Siracusa : la Settimana di Rino La Forgia"}]},{"@type":"WebSite","@id":"https:\/\/tifomania.store\/#website","url":"https:\/\/tifomania.store\/","name":"Tifomania","description":"Quand la passion devient jeu","potentialAction":[{"@type":"SearchAction","target":{"@type":"EntryPoint","urlTemplate":"https:\/\/tifomania.store\/?s={search_term_string}"},"query-input":{"@type":"PropertyValueSpecification","valueRequired":true,"valueName":"search_term_string"}}],"inLanguage":"fr-FR"},{"@type":"Person","@id":"https:\/\/tifomania.store\/#\/schema\/person\/bda9e3a7b04e8c6e629c91b8370ec54d","name":"ILFG","image":{"@type":"ImageObject","inLanguage":"fr-FR","@id":"https:\/\/secure.gravatar.com\/avatar\/d7576f3359e02575a71807ba15ab8c105c7b5c36e8f5c7fac6eda23cbc7f13d0?s=96&d=mm&r=g","url":"https:\/\/secure.gravatar.com\/avatar\/d7576f3359e02575a71807ba15ab8c105c7b5c36e8f5c7fac6eda23cbc7f13d0?s=96&d=mm&r=g","contentUrl":"https:\/\/secure.gravatar.com\/avatar\/d7576f3359e02575a71807ba15ab8c105c7b5c36e8f5c7fac6eda23cbc7f13d0?s=96&d=mm&r=g","caption":"ILFG"},"url":"https:\/\/tifomania.store\/fr\/author\/ilfg\/"}]}},"_links":{"self":[{"href":"https:\/\/tifomania.store\/fr\/wp-json\/wp\/v2\/posts\/11438","targetHints":{"allow":["GET"]}}],"collection":[{"href":"https:\/\/tifomania.store\/fr\/wp-json\/wp\/v2\/posts"}],"about":[{"href":"https:\/\/tifomania.store\/fr\/wp-json\/wp\/v2\/types\/post"}],"author":[{"embeddable":true,"href":"https:\/\/tifomania.store\/fr\/wp-json\/wp\/v2\/users\/4"}],"replies":[{"embeddable":true,"href":"https:\/\/tifomania.store\/fr\/wp-json\/wp\/v2\/comments?post=11438"}],"version-history":[{"count":1,"href":"https:\/\/tifomania.store\/fr\/wp-json\/wp\/v2\/posts\/11438\/revisions"}],"predecessor-version":[{"id":11439,"href":"https:\/\/tifomania.store\/fr\/wp-json\/wp\/v2\/posts\/11438\/revisions\/11439"}],"wp:attachment":[{"href":"https:\/\/tifomania.store\/fr\/wp-json\/wp\/v2\/media?parent=11438"}],"wp:term":[{"taxonomy":"category","embeddable":true,"href":"https:\/\/tifomania.store\/fr\/wp-json\/wp\/v2\/categories?post=11438"},{"taxonomy":"post_tag","embeddable":true,"href":"https:\/\/tifomania.store\/fr\/wp-json\/wp\/v2\/tags?post=11438"}],"curies":[{"name":"wp","href":"https:\/\/api.w.org\/{rel}","templated":true}]}}