{"id":11374,"date":"2026-01-29T07:56:18","date_gmt":"2026-01-29T07:56:18","guid":{"rendered":"https:\/\/foggiasport24.com\/?p=523255"},"modified":"2026-01-29T07:56:18","modified_gmt":"2026-01-29T07:56:18","slug":"mercato-accelerata-foggia-calcio-i-possibili-colpi-di-mercato","status":"publish","type":"post","link":"https:\/\/tifomania.store\/it\/mercato-accelerata-foggia-calcio-i-possibili-colpi-di-mercato\/","title":{"rendered":"Mercato, accelerata Foggia Calcio. I possibili colpi di mercato"},"content":{"rendered":"<div><img src=\"https:\/\/foggiasport24.com\/wp-content\/uploads\/2016\/01\/Calciomercato-Live.jpg\" class=\"ff-og-image-inserted\"><\/div><p><span class=\"penci-dropcap-bold\">U<\/span>ltimi giorni di mercato per il Foggia Calcio, che sta portando avanti trattative alfine di rinforzare l'organico e renderlo competitivo per la salvezza in Serie C. Il mercato ha gi\u00e0 portato in rossonero Nocerino e Menegazzo, portati dalla precedente Gestione societaria, e il trio composto da Girone, Cangiano e Romeo. Al netto di possibili cessioni, per le quali potrebbe essere poi necessario operare ulteriori ingressi, il club di piazzale Fratelli Sarti ha tra i suoi obiettivi un centravanti (forse due), un esterno offensivo di destra e un difensore centrale. Elementi utili per rimpolpare la rosa e alzare il tasso qualitativo. Procediamo per ordine.<\/p>\n<p><strong>BOMBA<\/strong> - In attacco si cerca un attaccante centrale in grado di garantire qualche gol in questo finale di stagione. In cima ai desiderata della societ\u00e0 c'era Cosimo <strong>Patierno<\/strong> (34 anni) di propriet\u00e0 dell'Avellino, ma dopo i contatti avuti nelle settimane precedenti non sarebbe stata trovata l'intesa. Non \u00e8 detto, per\u00f2, che non si possa tornare a parlare. Il numero pi\u00f9 caldo, al momento, sembra essere quello di Christian <strong>Tommasini<\/strong> (27 anni), di propriet\u00e0 del Gubbio, ma con alle spalle altre esperienze con club come Taranto e Monopoli. Per et\u00e0 e caratteristiche sembrerebbe essere l'uomo ideale per i rossoneri.<\/p>\n<p>Piace anche \u201cEl Tigre\u201d Alexis Ferrante (30 anni), gi\u00e0 in rossonero da cinque anni. Infine c'\u00e8 la pista interna che porta a <strong>Musy<\/strong> Hernandez (26 anni), centravanti spagnolo dell'Heraclea, secondo club della propriet\u00e0 rossonera. L'attaccante, che vanta un'altezza di 1,91, ha militato prevalentemente in Serie D vestendo le maglie di Renato Curi, Vibonese ed Heraclea, appunto.<\/p>\n<p><strong>ESTERNO<\/strong> - per completare il tridente, che ha gi\u00e0 in Cangiano uno dei suoi riferimenti, il Foggia Calcio avrebbe messo nel mirino Enrico <strong>Brignola<\/strong> (26 anni), di propriet\u00e0 della Ternana. Per il calciatore la pista sembra, per\u00f2, non essere facile. Parallelamente all'esterno delle fere ci sarebbe l'interesse per Davide <strong>Merola<\/strong> (25 anni), gi\u00e0 in rossonero cinque anni fa con Zeman in panchina. Il calciatore potrebbe lasciare Pescara e potrebbe essere il tassello ideale, per caratteristiche tecniche, per completare il reparto avanzato. Infine c'\u00e8 il nome di Giuseppe <strong>Borello<\/strong> (26 anni), tra le altre, ex Monopoli, Crotone e Cesena.<\/p>\n<p><strong>DIFESA<\/strong> - Nel reparto arretrato il club del duo Casillo - De Vitto \u00e8 alla ricerca di un centrale difensivo. Due i nomi circolati nelle ultime ore. Su tutti ci sarebbe quello di Roberto <strong>Pirrello<\/strong> (29 anni) di propriet\u00e0 del Trapani, oltre a Eric <strong>Biasiol<\/strong> (28 anni) difensore croato con alle spalle esperienze al Giuliano e al Picerno. Il calciatore \u00e8 di propriet\u00e0 dell'Heraclea e il trasferimento potrebbe avvenire all'interno dei due club.<\/p>\n<p>Manca meno di una settimana alla chiusura delle trattative. Il Foggia accelera.<\/p>\n\n<p><strong><a href=\"https:\/\/blockads.fivefilters.org\/\">Test di Adblock<\/a><\/strong> <a href=\"https:\/\/blockads.fivefilters.org\/acceptable.html\">(Perch\u00e9?)<\/a><\/p>","protected":false},"excerpt":{"rendered":"<p>Ultimi giorni di mercato per il Foggia Calcio, che sta portando avanti trattative alfine di rinforzare l\u2019organico e renderlo competitivo per la salvezza in Serie C. Il mercato ha gi\u00e0 portato in rossonero Nocerino e Menegazzo, portati dalla precedente G&#8230;<\/p>","protected":false},"author":3,"featured_media":0,"comment_status":"closed","ping_status":"closed","sticky":false,"template":"","format":"standard","meta":{"footnotes":""},"categories":[350,351,352,170,353],"tags":[134],"class_list":["post-11374","post","type-post","status-publish","format-standard","hentry","category-acquisti","category-cessioni","category-ingaggio","category-news","category-trattative","tag-foggia"],"yoast_head":"<!-- This site is optimized with the Yoast SEO plugin v27.4 - https:\/\/yoast.com\/product\/yoast-seo-wordpress\/ -->\n<title>Mercato, accelerata Foggia Calcio. I possibili colpi di mercato<\/title>\n<meta name=\"robots\" content=\"index, follow, max-snippet:-1, max-image-preview:large, max-video-preview:-1\" \/>\n<link rel=\"canonical\" href=\"http:\/\/tifomania.store\/it\/mercato-accelerata-foggia-calcio-i-possibili-colpi-di-mercato\/\" \/>\n<meta property=\"og:locale\" content=\"it_IT\" \/>\n<meta property=\"og:type\" content=\"article\" \/>\n<meta property=\"og:title\" content=\"Mercato, accelerata Foggia Calcio. I possibili colpi di mercato\" \/>\n<meta property=\"og:description\" content=\"Ultimi giorni di mercato per il Foggia Calcio, che sta portando avanti trattative alfine di rinforzare l\u2019organico e renderlo competitivo per la salvezza in Serie C. Il mercato ha gi\u00e0 portato in rossonero Nocerino e Menegazzo, portati dalla precedente G...\" \/>\n<meta property=\"og:url\" content=\"http:\/\/tifomania.store\/it\/mercato-accelerata-foggia-calcio-i-possibili-colpi-di-mercato\/\" \/>\n<meta property=\"og:site_name\" content=\"Tifomania\" \/>\n<meta property=\"article:published_time\" content=\"2026-01-29T07:56:18+00:00\" \/>\n<meta property=\"og:image\" content=\"https:\/\/foggiasport24.com\/wp-content\/uploads\/2016\/01\/Calciomercato-Live.jpg\" \/>\n<meta name=\"author\" content=\"FS24\" \/>\n<meta name=\"twitter:card\" content=\"summary_large_image\" \/>\n<meta name=\"twitter:label1\" content=\"Scritto da\" \/>\n\t<meta name=\"twitter:data1\" content=\"FS24\" \/>\n\t<meta name=\"twitter:label2\" content=\"Tempo di lettura stimato\" \/>\n\t<meta name=\"twitter:data2\" content=\"2 minuti\" \/>\n<script type=\"application\/ld+json\" class=\"yoast-schema-graph\">{\"@context\":\"https:\\\/\\\/schema.org\",\"@graph\":[{\"@type\":\"Article\",\"@id\":\"http:\\\/\\\/tifomania.store\\\/en\\\/mercato-accelerata-foggia-calcio-i-possibili-colpi-di-mercato\\\/#article\",\"isPartOf\":{\"@id\":\"http:\\\/\\\/tifomania.store\\\/en\\\/mercato-accelerata-foggia-calcio-i-possibili-colpi-di-mercato\\\/\"},\"author\":{\"name\":\"FS24\",\"@id\":\"https:\\\/\\\/tifomania.store\\\/#\\\/schema\\\/person\\\/13e375f75c4086ec091e143bd3f72a25\"},\"headline\":\"Mercato, accelerata Foggia Calcio. I possibili colpi di mercato\",\"datePublished\":\"2026-01-29T07:56:18+00:00\",\"mainEntityOfPage\":{\"@id\":\"http:\\\/\\\/tifomania.store\\\/en\\\/mercato-accelerata-foggia-calcio-i-possibili-colpi-di-mercato\\\/\"},\"wordCount\":448,\"image\":{\"@id\":\"http:\\\/\\\/tifomania.store\\\/en\\\/mercato-accelerata-foggia-calcio-i-possibili-colpi-di-mercato\\\/#primaryimage\"},\"thumbnailUrl\":\"https:\\\/\\\/foggiasport24.com\\\/wp-content\\\/uploads\\\/2016\\\/01\\\/Calciomercato-Live.jpg\",\"keywords\":[\"Foggia\"],\"articleSection\":[\"acquisti\",\"cessioni\",\"ingaggio\",\"News\",\"trattative\"],\"inLanguage\":\"it-IT\"},{\"@type\":\"WebPage\",\"@id\":\"http:\\\/\\\/tifomania.store\\\/en\\\/mercato-accelerata-foggia-calcio-i-possibili-colpi-di-mercato\\\/\",\"url\":\"http:\\\/\\\/tifomania.store\\\/en\\\/mercato-accelerata-foggia-calcio-i-possibili-colpi-di-mercato\\\/\",\"name\":\"Mercato, accelerata Foggia Calcio. I possibili colpi di mercato\",\"isPartOf\":{\"@id\":\"https:\\\/\\\/tifomania.store\\\/#website\"},\"primaryImageOfPage\":{\"@id\":\"http:\\\/\\\/tifomania.store\\\/en\\\/mercato-accelerata-foggia-calcio-i-possibili-colpi-di-mercato\\\/#primaryimage\"},\"image\":{\"@id\":\"http:\\\/\\\/tifomania.store\\\/en\\\/mercato-accelerata-foggia-calcio-i-possibili-colpi-di-mercato\\\/#primaryimage\"},\"thumbnailUrl\":\"https:\\\/\\\/foggiasport24.com\\\/wp-content\\\/uploads\\\/2016\\\/01\\\/Calciomercato-Live.jpg\",\"datePublished\":\"2026-01-29T07:56:18+00:00\",\"author\":{\"@id\":\"https:\\\/\\\/tifomania.store\\\/#\\\/schema\\\/person\\\/13e375f75c4086ec091e143bd3f72a25\"},\"breadcrumb\":{\"@id\":\"http:\\\/\\\/tifomania.store\\\/en\\\/mercato-accelerata-foggia-calcio-i-possibili-colpi-di-mercato\\\/#breadcrumb\"},\"inLanguage\":\"it-IT\",\"potentialAction\":[{\"@type\":\"ReadAction\",\"target\":[\"http:\\\/\\\/tifomania.store\\\/en\\\/mercato-accelerata-foggia-calcio-i-possibili-colpi-di-mercato\\\/\"]}]},{\"@type\":\"ImageObject\",\"inLanguage\":\"it-IT\",\"@id\":\"http:\\\/\\\/tifomania.store\\\/en\\\/mercato-accelerata-foggia-calcio-i-possibili-colpi-di-mercato\\\/#primaryimage\",\"url\":\"https:\\\/\\\/foggiasport24.com\\\/wp-content\\\/uploads\\\/2016\\\/01\\\/Calciomercato-Live.jpg\",\"contentUrl\":\"https:\\\/\\\/foggiasport24.com\\\/wp-content\\\/uploads\\\/2016\\\/01\\\/Calciomercato-Live.jpg\"},{\"@type\":\"BreadcrumbList\",\"@id\":\"http:\\\/\\\/tifomania.store\\\/en\\\/mercato-accelerata-foggia-calcio-i-possibili-colpi-di-mercato\\\/#breadcrumb\",\"itemListElement\":[{\"@type\":\"ListItem\",\"position\":1,\"name\":\"Home\",\"item\":\"https:\\\/\\\/tifomania.store\\\/en\\\/\"},{\"@type\":\"ListItem\",\"position\":2,\"name\":\"Mercato, accelerata Foggia Calcio. I possibili colpi di mercato\"}]},{\"@type\":\"WebSite\",\"@id\":\"https:\\\/\\\/tifomania.store\\\/#website\",\"url\":\"https:\\\/\\\/tifomania.store\\\/\",\"name\":\"Tifomania\",\"description\":\"Where Passion Becomes Play\",\"potentialAction\":[{\"@type\":\"SearchAction\",\"target\":{\"@type\":\"EntryPoint\",\"urlTemplate\":\"https:\\\/\\\/tifomania.store\\\/?s={search_term_string}\"},\"query-input\":{\"@type\":\"PropertyValueSpecification\",\"valueRequired\":true,\"valueName\":\"search_term_string\"}}],\"inLanguage\":\"it-IT\"},{\"@type\":\"Person\",\"@id\":\"https:\\\/\\\/tifomania.store\\\/#\\\/schema\\\/person\\\/13e375f75c4086ec091e143bd3f72a25\",\"name\":\"FS24\",\"image\":{\"@type\":\"ImageObject\",\"inLanguage\":\"it-IT\",\"@id\":\"https:\\\/\\\/secure.gravatar.com\\\/avatar\\\/55b999f66780f5c1c39cc84120ab001b7944ef1cb2db45b654ae99b263f64c54?s=96&d=mm&r=g\",\"url\":\"https:\\\/\\\/secure.gravatar.com\\\/avatar\\\/55b999f66780f5c1c39cc84120ab001b7944ef1cb2db45b654ae99b263f64c54?s=96&d=mm&r=g\",\"contentUrl\":\"https:\\\/\\\/secure.gravatar.com\\\/avatar\\\/55b999f66780f5c1c39cc84120ab001b7944ef1cb2db45b654ae99b263f64c54?s=96&d=mm&r=g\",\"caption\":\"FS24\"},\"url\":\"https:\\\/\\\/tifomania.store\\\/it\\\/author\\\/fs24\\\/\"}]}<\/script>\n<!-- \/ Yoast SEO plugin. -->","yoast_head_json":{"title":"Mercato, accelerata Foggia Calcio. I possibili colpi di mercato","robots":{"index":"index","follow":"follow","max-snippet":"max-snippet:-1","max-image-preview":"max-image-preview:large","max-video-preview":"max-video-preview:-1"},"canonical":"http:\/\/tifomania.store\/it\/mercato-accelerata-foggia-calcio-i-possibili-colpi-di-mercato\/","og_locale":"it_IT","og_type":"article","og_title":"Mercato, accelerata Foggia Calcio. I possibili colpi di mercato","og_description":"Ultimi giorni di mercato per il Foggia Calcio, che sta portando avanti trattative alfine di rinforzare l\u2019organico e renderlo competitivo per la salvezza in Serie C. Il mercato ha gi\u00e0 portato in rossonero Nocerino e Menegazzo, portati dalla precedente G...","og_url":"http:\/\/tifomania.store\/it\/mercato-accelerata-foggia-calcio-i-possibili-colpi-di-mercato\/","og_site_name":"Tifomania","article_published_time":"2026-01-29T07:56:18+00:00","og_image":[{"url":"https:\/\/foggiasport24.com\/wp-content\/uploads\/2016\/01\/Calciomercato-Live.jpg","type":"","width":"","height":""}],"author":"FS24","twitter_card":"summary_large_image","twitter_misc":{"Scritto da":"FS24","Tempo di lettura stimato":"2 minuti"},"schema":{"@context":"https:\/\/schema.org","@graph":[{"@type":"Article","@id":"http:\/\/tifomania.store\/en\/mercato-accelerata-foggia-calcio-i-possibili-colpi-di-mercato\/#article","isPartOf":{"@id":"http:\/\/tifomania.store\/en\/mercato-accelerata-foggia-calcio-i-possibili-colpi-di-mercato\/"},"author":{"name":"FS24","@id":"https:\/\/tifomania.store\/#\/schema\/person\/13e375f75c4086ec091e143bd3f72a25"},"headline":"Mercato, accelerata Foggia Calcio. I possibili colpi di mercato","datePublished":"2026-01-29T07:56:18+00:00","mainEntityOfPage":{"@id":"http:\/\/tifomania.store\/en\/mercato-accelerata-foggia-calcio-i-possibili-colpi-di-mercato\/"},"wordCount":448,"image":{"@id":"http:\/\/tifomania.store\/en\/mercato-accelerata-foggia-calcio-i-possibili-colpi-di-mercato\/#primaryimage"},"thumbnailUrl":"https:\/\/foggiasport24.com\/wp-content\/uploads\/2016\/01\/Calciomercato-Live.jpg","keywords":["Foggia"],"articleSection":["acquisti","cessioni","ingaggio","News","trattative"],"inLanguage":"it-IT"},{"@type":"WebPage","@id":"http:\/\/tifomania.store\/en\/mercato-accelerata-foggia-calcio-i-possibili-colpi-di-mercato\/","url":"http:\/\/tifomania.store\/en\/mercato-accelerata-foggia-calcio-i-possibili-colpi-di-mercato\/","name":"Mercato, accelerata Foggia Calcio. I possibili colpi di mercato","isPartOf":{"@id":"https:\/\/tifomania.store\/#website"},"primaryImageOfPage":{"@id":"http:\/\/tifomania.store\/en\/mercato-accelerata-foggia-calcio-i-possibili-colpi-di-mercato\/#primaryimage"},"image":{"@id":"http:\/\/tifomania.store\/en\/mercato-accelerata-foggia-calcio-i-possibili-colpi-di-mercato\/#primaryimage"},"thumbnailUrl":"https:\/\/foggiasport24.com\/wp-content\/uploads\/2016\/01\/Calciomercato-Live.jpg","datePublished":"2026-01-29T07:56:18+00:00","author":{"@id":"https:\/\/tifomania.store\/#\/schema\/person\/13e375f75c4086ec091e143bd3f72a25"},"breadcrumb":{"@id":"http:\/\/tifomania.store\/en\/mercato-accelerata-foggia-calcio-i-possibili-colpi-di-mercato\/#breadcrumb"},"inLanguage":"it-IT","potentialAction":[{"@type":"ReadAction","target":["http:\/\/tifomania.store\/en\/mercato-accelerata-foggia-calcio-i-possibili-colpi-di-mercato\/"]}]},{"@type":"ImageObject","inLanguage":"it-IT","@id":"http:\/\/tifomania.store\/en\/mercato-accelerata-foggia-calcio-i-possibili-colpi-di-mercato\/#primaryimage","url":"https:\/\/foggiasport24.com\/wp-content\/uploads\/2016\/01\/Calciomercato-Live.jpg","contentUrl":"https:\/\/foggiasport24.com\/wp-content\/uploads\/2016\/01\/Calciomercato-Live.jpg"},{"@type":"BreadcrumbList","@id":"http:\/\/tifomania.store\/en\/mercato-accelerata-foggia-calcio-i-possibili-colpi-di-mercato\/#breadcrumb","itemListElement":[{"@type":"ListItem","position":1,"name":"Home","item":"https:\/\/tifomania.store\/en\/"},{"@type":"ListItem","position":2,"name":"Mercato, accelerata Foggia Calcio. I possibili colpi di mercato"}]},{"@type":"WebSite","@id":"https:\/\/tifomania.store\/#website","url":"https:\/\/tifomania.store\/","name":"Tifomania","description":"Dove la passione diventa gioco","potentialAction":[{"@type":"SearchAction","target":{"@type":"EntryPoint","urlTemplate":"https:\/\/tifomania.store\/?s={search_term_string}"},"query-input":{"@type":"PropertyValueSpecification","valueRequired":true,"valueName":"search_term_string"}}],"inLanguage":"it-IT"},{"@type":"Person","@id":"https:\/\/tifomania.store\/#\/schema\/person\/13e375f75c4086ec091e143bd3f72a25","name":"FS24","image":{"@type":"ImageObject","inLanguage":"it-IT","@id":"https:\/\/secure.gravatar.com\/avatar\/55b999f66780f5c1c39cc84120ab001b7944ef1cb2db45b654ae99b263f64c54?s=96&d=mm&r=g","url":"https:\/\/secure.gravatar.com\/avatar\/55b999f66780f5c1c39cc84120ab001b7944ef1cb2db45b654ae99b263f64c54?s=96&d=mm&r=g","contentUrl":"https:\/\/secure.gravatar.com\/avatar\/55b999f66780f5c1c39cc84120ab001b7944ef1cb2db45b654ae99b263f64c54?s=96&d=mm&r=g","caption":"FS24"},"url":"https:\/\/tifomania.store\/it\/author\/fs24\/"}]}},"_links":{"self":[{"href":"https:\/\/tifomania.store\/it\/wp-json\/wp\/v2\/posts\/11374","targetHints":{"allow":["GET"]}}],"collection":[{"href":"https:\/\/tifomania.store\/it\/wp-json\/wp\/v2\/posts"}],"about":[{"href":"https:\/\/tifomania.store\/it\/wp-json\/wp\/v2\/types\/post"}],"author":[{"embeddable":true,"href":"https:\/\/tifomania.store\/it\/wp-json\/wp\/v2\/users\/3"}],"replies":[{"embeddable":true,"href":"https:\/\/tifomania.store\/it\/wp-json\/wp\/v2\/comments?post=11374"}],"version-history":[{"count":1,"href":"https:\/\/tifomania.store\/it\/wp-json\/wp\/v2\/posts\/11374\/revisions"}],"predecessor-version":[{"id":11375,"href":"https:\/\/tifomania.store\/it\/wp-json\/wp\/v2\/posts\/11374\/revisions\/11375"}],"wp:attachment":[{"href":"https:\/\/tifomania.store\/it\/wp-json\/wp\/v2\/media?parent=11374"}],"wp:term":[{"taxonomy":"category","embeddable":true,"href":"https:\/\/tifomania.store\/it\/wp-json\/wp\/v2\/categories?post=11374"},{"taxonomy":"post_tag","embeddable":true,"href":"https:\/\/tifomania.store\/it\/wp-json\/wp\/v2\/tags?post=11374"}],"curies":[{"name":"wp","href":"https:\/\/api.w.org\/{rel}","templated":true}]}}